{"id":11212,"date":"2023-01-11T12:07:30","date_gmt":"2023-01-11T18:07:30","guid":{"rendered":"https:\/\/revistaalcaldesas.mx\/?p=11212"},"modified":"2023-01-11T12:07:32","modified_gmt":"2023-01-11T18:07:32","slug":"se-llevo-a-cabo-evento-conmemorativo-en-el-marco-del-dia-de-los-policias-en-tlaquepaque-jalisco-citlalliamaya-gobtlaquepaque","status":"publish","type":"post","link":"https:\/\/revistaalcaldesas.mx\/?p=11212","title":{"rendered":"Se llev\u00f3 a cabo evento conmemorativo en el marco del D\u00eda de los Polic\u00edas en Tlaquepaque, Jalisco \/ @CitlalliAmaya @GobTlaquepaque >>>"},"content":{"rendered":"\n<p><strong>#Tlaquepaque, #Jal.- <\/strong>En reconocimiento a las y los elementos de la Comisar\u00eda de Tlaquepaque y en el marco del D\u00eda de los Polic\u00edas, se realiz\u00f3 un evento conmemorativo en el Patio San Pedro.<\/p>\n\n\n\n<p>La Presidenta Municipal, Citlalli Amaya, agradeci\u00f3 por el trabajo de las y los elementos y aprovech\u00f3 para invitarlos a seguir trabajando para una ciudad segura, as\u00ed como continuar con el compromiso de brindar un servicio de calidad para las familias de Tlaquepaque.<\/p>\n\n\n<div class=\"wp-block-image\">\n<figure class=\"aligncenter size-medium is-resized\"><img loading=\"lazy\" decoding=\"async\" src=\"https:\/\/revistaalcaldesas.mx\/wp-content\/uploads\/2023\/01\/tlque-prin-300x168.jpg\" alt=\"\" class=\"wp-image-11213\" width=\"415\" height=\"232\"\/><\/figure>\n<\/div>\n\n\n<p><strong>#RevistaAlcaldesasMX &#8211;<\/strong> <a href=\"https:\/\/www.facebook.com\/ReAlcaldesasMX\/?__cft__%5b0%5d=AZWCUCopFg6uwR0bar1lA5XOJDPQGbidw7wMESZ9jhjdgQV18UtYzQs5AhW_9gKv6fQhGkof0nlpv0MZSyvZzAtfVQ-kGlKeGnKn1eftLPF_WZz9fv1hNrBXsDhp_akqGslhCB-zuNpCEIlXRqVKVrqMHVfqLWGFKazjuYuOAozwrbcMy0TfH-lcgDWV1GCIoPkxNjje6YZc-2SSWfdVSK2r&amp;__tn__=-UC%2CP-R\"><strong>Revista Alcaldesas MX<\/strong><\/a><\/p>\n","protected":false},"excerpt":{"rendered":"<p>#Tlaquepaque, #Jal.- En reconocimiento a las y los elementos de la Comisar\u00eda de Tlaquepaque y en el marco del D\u00eda de los Polic\u00edas, se realiz\u00f3 un evento conmemorativo en el Patio San Pedro. La Presidenta Municipal, Citlalli Amaya, agradeci\u00f3 por el trabajo de las y los elementos y aprovech\u00f3 para<span class=\"more-link\"><a href=\"https:\/\/revistaalcaldesas.mx\/?p=11212\">Continuar leyendo<\/a><\/span><\/p>\n","protected":false},"author":6,"featured_media":0,"comment_status":"open","ping_status":"open","sticky":false,"template":"","format":"standard","meta":{"rop_custom_images_group":[],"rop_custom_messages_group":[],"rop_publish_now":"initial","rop_publish_now_accounts":{"facebook_540786660636400_100634987996574":""},"rop_publish_now_history":[],"rop_publish_now_status":"pending","footnotes":""},"categories":[934],"tags":[145,724,725,147,1002,855,1001,190,105,95,625,624,222,306,667,113,649,146,793,726,723],"class_list":["entry","author-difusion","post-11212","post","type-post","status-publish","format-standard","category-municipios-destacados-2","tag-andres-manuel-lopez-obrador","tag-en-vivo","tag-enterate","tag-gobierno-de-mexico","tag-mirna-citlalli-amaya-de-luna","tag-revista-alcaldesas-mx-2","tag-san-pedro-tlaquepaque","tag-secretaria-de-bienestar","tag-secretaria-de-cultura","tag-secretaria-de-economia","tag-secretaria-de-educacion-publica","tag-secretaria-de-energia","tag-secretaria-de-gobernacion","tag-secretaria-de-la-funcion-publica","tag-secretaria-de-relaciones-exteriores","tag-secretaria-de-salud-del-estado-de-mexico","tag-secretaria-de-turismo","tag-secretaria-del-trabajo-y-prevision-social","tag-seguridad-publica","tag-ultima-hora","tag-ultimas-noticias"],"_links":{"self":[{"href":"https:\/\/revistaalcaldesas.mx\/index.php?rest_route=\/wp\/v2\/posts\/11212","targetHints":{"allow":["GET"]}}],"collection":[{"href":"https:\/\/revistaalcaldesas.mx\/index.php?rest_route=\/wp\/v2\/posts"}],"about":[{"href":"https:\/\/revistaalcaldesas.mx\/index.php?rest_route=\/wp\/v2\/types\/post"}],"author":[{"embeddable":true,"href":"https:\/\/revistaalcaldesas.mx\/index.php?rest_route=\/wp\/v2\/users\/6"}],"replies":[{"embeddable":true,"href":"https:\/\/revistaalcaldesas.mx\/index.php?rest_route=%2Fwp%2Fv2%2Fcomments&post=11212"}],"version-history":[{"count":3,"href":"https:\/\/revistaalcaldesas.mx\/index.php?rest_route=\/wp\/v2\/posts\/11212\/revisions"}],"predecessor-version":[{"id":11217,"href":"https:\/\/revistaalcaldesas.mx\/index.php?rest_route=\/wp\/v2\/posts\/11212\/revisions\/11217"}],"wp:attachment":[{"href":"https:\/\/revistaalcaldesas.mx\/index.php?rest_route=%2Fwp%2Fv2%2Fmedia&parent=11212"}],"wp:term":[{"taxonomy":"category","embeddable":true,"href":"https:\/\/revistaalcaldesas.mx\/index.php?rest_route=%2Fwp%2Fv2%2Fcategories&post=11212"},{"taxonomy":"post_tag","embeddable":true,"href":"https:\/\/revistaalcaldesas.mx\/index.php?rest_route=%2Fwp%2Fv2%2Ftags&post=11212"}],"curies":[{"name":"wp","href":"https:\/\/api.w.org\/{rel}","templated":true}]}}