{"id":16462,"date":"2024-05-12T20:06:00","date_gmt":"2024-05-13T02:06:00","guid":{"rendered":"https:\/\/revistaalcaldesas.mx\/?p=16462"},"modified":"2024-05-30T21:06:09","modified_gmt":"2024-05-31T03:06:09","slug":"en-puebla-biblioteca-municipal-de-atlixco-invita-a-taller-navideno-ariadnaayala-atlixcoayto","status":"publish","type":"post","link":"https:\/\/revistaalcaldesas.mx\/?p=16462","title":{"rendered":"En Puebla, Biblioteca Municipal de Atlixco invita a Taller Navide\u00f1o \/ @AriadnaAyala @AtlixcoAyto >>>"},"content":{"rendered":"\n<p><strong>#Atlixco, #Pue.-<\/strong> Con el objetivo de seguir fomentando la lectura,\u00a0 la creatividad, fortalecer los valores y costumbres, el Ayuntamiento de Atlixco, a trav\u00e9s de la Biblioteca Municipal Presidente Ju\u00e1rez, invita a participar en su Taller Navide\u00f1o del 18 al 22 de diciembre.<\/p>\n\n\n\n<p>En las instalaciones de la Biblioteca Municipal ubicadas en boulevard Ferrocarriles Antigua Estaci\u00f3n del Tren, ni\u00f1as y ni\u00f1os desde los 7, hasta los 10 a\u00f1os de edad, podr\u00e1n divertirse y disfrutar de estas fechas con actividades l\u00fadicas como elaboraci\u00f3n de pi\u00f1atas y carta a los Reyes Magos, al mismo tiempo, podr\u00e1n desarrollar su imaginaci\u00f3n y fortalecer su lectura con Cuentos Navide\u00f1os o participar en los Villancicos, adem\u00e1s de disfrutar de pel\u00edculas navide\u00f1as; las clases se impartir\u00e1n de 10 de la ma\u00f1ana a 01:00 de la tarde, totalmente gratuitas.<\/p>\n\n\n\n<p><strong>#RevistaAlcaldesasMX &#8211;<\/strong> <a href=\"https:\/\/www.facebook.com\/ReAlcaldesasMX\/?__cft__%5b0%5d=AZWCUCopFg6uwR0bar1lA5XOJDPQGbidw7wMESZ9jhjdgQV18UtYzQs5AhW_9gKv6fQhGkof0nlpv0MZSyvZzAtfVQ-kGlKeGnKn1eftLPF_WZz9fv1hNrBXsDhp_akqGslhCB-zuNpCEIlXRqVKVrqMHVfqLWGFKazjuYuOAozwrbcMy0TfH-lcgDWV1GCIoPkxNjje6YZc-2SSWfdVSK2r&amp;__tn__=-UC%2CP-R\"><strong>Revista Alcaldesas MX<\/strong><\/a><\/p>\n\n\n\n<p><\/p>\n","protected":false},"excerpt":{"rendered":"<p>#Atlixco, #Pue.- Con el objetivo de seguir fomentando la lectura,\u00a0 la creatividad, fortalecer los valores y costumbres, el Ayuntamiento de Atlixco, a trav\u00e9s de la Biblioteca Municipal Presidente Ju\u00e1rez, invita a participar en su Taller Navide\u00f1o del 18 al 22 de diciembre. En las instalaciones de la Biblioteca Municipal ubicadas<span class=\"more-link\"><a href=\"https:\/\/revistaalcaldesas.mx\/?p=16462\">Continuar leyendo<\/a><\/span><\/p>\n","protected":false},"author":6,"featured_media":16463,"comment_status":"open","ping_status":"open","sticky":false,"template":"","format":"standard","meta":{"rop_custom_images_group":[],"rop_custom_messages_group":[],"rop_publish_now":"initial","rop_publish_now_accounts":{"facebook_540786660636400_100634987996574":""},"rop_publish_now_history":[],"rop_publish_now_status":"pending","footnotes":""},"categories":[1113],"tags":[944,942,725,726,723],"class_list":["entry","author-difusion","post-16462","post","type-post","status-publish","format-standard","has-post-thumbnail","category-municipios-2","tag-ariadna-ayala","tag-atlixco","tag-enterate","tag-ultima-hora","tag-ultimas-noticias"],"_links":{"self":[{"href":"https:\/\/revistaalcaldesas.mx\/index.php?rest_route=\/wp\/v2\/posts\/16462","targetHints":{"allow":["GET"]}}],"collection":[{"href":"https:\/\/revistaalcaldesas.mx\/index.php?rest_route=\/wp\/v2\/posts"}],"about":[{"href":"https:\/\/revistaalcaldesas.mx\/index.php?rest_route=\/wp\/v2\/types\/post"}],"author":[{"embeddable":true,"href":"https:\/\/revistaalcaldesas.mx\/index.php?rest_route=\/wp\/v2\/users\/6"}],"replies":[{"embeddable":true,"href":"https:\/\/revistaalcaldesas.mx\/index.php?rest_route=%2Fwp%2Fv2%2Fcomments&post=16462"}],"version-history":[{"count":1,"href":"https:\/\/revistaalcaldesas.mx\/index.php?rest_route=\/wp\/v2\/posts\/16462\/revisions"}],"predecessor-version":[{"id":16464,"href":"https:\/\/revistaalcaldesas.mx\/index.php?rest_route=\/wp\/v2\/posts\/16462\/revisions\/16464"}],"wp:featuredmedia":[{"embeddable":true,"href":"https:\/\/revistaalcaldesas.mx\/index.php?rest_route=\/wp\/v2\/media\/16463"}],"wp:attachment":[{"href":"https:\/\/revistaalcaldesas.mx\/index.php?rest_route=%2Fwp%2Fv2%2Fmedia&parent=16462"}],"wp:term":[{"taxonomy":"category","embeddable":true,"href":"https:\/\/revistaalcaldesas.mx\/index.php?rest_route=%2Fwp%2Fv2%2Fcategories&post=16462"},{"taxonomy":"post_tag","embeddable":true,"href":"https:\/\/revistaalcaldesas.mx\/index.php?rest_route=%2Fwp%2Fv2%2Ftags&post=16462"}],"curies":[{"name":"wp","href":"https:\/\/api.w.org\/{rel}","templated":true}]}}