{"id":17218,"date":"2024-02-09T18:29:47","date_gmt":"2024-02-10T00:29:47","guid":{"rendered":"https:\/\/revistaalcaldesas.mx\/?p=17218"},"modified":"2024-02-09T18:29:48","modified_gmt":"2024-02-10T00:29:48","slug":"en-salud-dental-prevenir-evita-tratamientos-complejos-prolongados-y-costosos-issste-drpedrozenteno-issste_mx","status":"publish","type":"post","link":"https:\/\/revistaalcaldesas.mx\/?p=17218","title":{"rendered":"En salud dental, prevenir evita tratamientos complejos, prolongados y costosos: Issste \/ @drpedrozenteno @ISSSTE_mx >>>"},"content":{"rendered":"\n<p><strong>#ISSSTE.-<\/strong> Al conmemorar hoy el D\u00eda de la Odont\u00f3loga y el Odont\u00f3logo, el director general del Instituto de Seguridad y Servicios Sociales de los Trabajadores del Estado (Issste), Pedro Zenteno Santaella, destac\u00f3 que el autocuidado preventivo dental desde temprana edad evita tratamientos complejos, prolongados y costosos, y consolida el primer eslab\u00f3n para acceder a la salud integral.\u00a0<\/p>\n\n\n\n<p>Felicit\u00f3 a este grupo de profesionales por la destacada labor que realizan a favor de la derechohabiencia en Cl\u00ednicas de Medicina Familiar, Estancias de Bienestar y Desarrollo Infantil (EBDI) y la Cl\u00ednica de Especialidades Dentales (CED) \u201cDr. Honorato Villa Acosta\u201d de la Ciudad de M\u00e9xico, donde promueven acciones de autocuidado, desde la aparici\u00f3n del primer diente y hasta la vejez.<\/p>\n\n\n\n<p>Se\u00f1al\u00f3 que el impacto del trabajo de estos profesionales en el instituto se refleja en el Anuario Estad\u00edstico del Issste\u00a0<a href=\"https:\/\/goo.su\/yzzk\">https:\/\/goo.su\/yzzk<\/a>, el cual reporta que en 2022 se realizaron tres millones 991 mil 456 acciones de odontolog\u00eda preventiva y 49 mil 722 sesiones de tratamientos correctivos.\u00a0<\/p>\n\n\n\n<p><strong>#RevistaAlcaldesasMX &#8211;<\/strong> <a href=\"https:\/\/www.facebook.com\/ReAlcaldesasMX\/?__cft__%5b0%5d=AZWCUCopFg6uwR0bar1lA5XOJDPQGbidw7wMESZ9jhjdgQV18UtYzQs5AhW_9gKv6fQhGkof0nlpv0MZSyvZzAtfVQ-kGlKeGnKn1eftLPF_WZz9fv1hNrBXsDhp_akqGslhCB-zuNpCEIlXRqVKVrqMHVfqLWGFKazjuYuOAozwrbcMy0TfH-lcgDWV1GCIoPkxNjje6YZc-2SSWfdVSK2r&amp;__tn__=-UC%2CP-R\"><strong>Revista Alcaldesas MX<\/strong><\/a><\/p>\n","protected":false},"excerpt":{"rendered":"<p>#ISSSTE.- Al conmemorar hoy el D\u00eda de la Odont\u00f3loga y el Odont\u00f3logo, el director general del Instituto de Seguridad y Servicios Sociales de los Trabajadores del Estado (Issste), Pedro Zenteno Santaella, destac\u00f3 que el autocuidado preventivo dental desde temprana edad evita tratamientos complejos, prolongados y costosos, y consolida el primer<span class=\"more-link\"><a href=\"https:\/\/revistaalcaldesas.mx\/?p=17218\">Continuar leyendo<\/a><\/span><\/p>\n","protected":false},"author":6,"featured_media":17219,"comment_status":"open","ping_status":"open","sticky":false,"template":"","format":"standard","meta":{"rop_custom_images_group":[],"rop_custom_messages_group":[],"rop_publish_now":"initial","rop_publish_now_accounts":{"facebook_540786660636400_100634987996574":""},"rop_publish_now_history":[],"rop_publish_now_status":"pending","footnotes":""},"categories":[32],"tags":[725,1070,1084,726,723],"class_list":["entry","author-difusion","post-17218","post","type-post","status-publish","format-standard","has-post-thumbnail","category-secretarias-de-gobierno","tag-enterate","tag-issste","tag-pedro-zenteno-santaella","tag-ultima-hora","tag-ultimas-noticias"],"_links":{"self":[{"href":"https:\/\/revistaalcaldesas.mx\/index.php?rest_route=\/wp\/v2\/posts\/17218","targetHints":{"allow":["GET"]}}],"collection":[{"href":"https:\/\/revistaalcaldesas.mx\/index.php?rest_route=\/wp\/v2\/posts"}],"about":[{"href":"https:\/\/revistaalcaldesas.mx\/index.php?rest_route=\/wp\/v2\/types\/post"}],"author":[{"embeddable":true,"href":"https:\/\/revistaalcaldesas.mx\/index.php?rest_route=\/wp\/v2\/users\/6"}],"replies":[{"embeddable":true,"href":"https:\/\/revistaalcaldesas.mx\/index.php?rest_route=%2Fwp%2Fv2%2Fcomments&post=17218"}],"version-history":[{"count":1,"href":"https:\/\/revistaalcaldesas.mx\/index.php?rest_route=\/wp\/v2\/posts\/17218\/revisions"}],"predecessor-version":[{"id":17220,"href":"https:\/\/revistaalcaldesas.mx\/index.php?rest_route=\/wp\/v2\/posts\/17218\/revisions\/17220"}],"wp:featuredmedia":[{"embeddable":true,"href":"https:\/\/revistaalcaldesas.mx\/index.php?rest_route=\/wp\/v2\/media\/17219"}],"wp:attachment":[{"href":"https:\/\/revistaalcaldesas.mx\/index.php?rest_route=%2Fwp%2Fv2%2Fmedia&parent=17218"}],"wp:term":[{"taxonomy":"category","embeddable":true,"href":"https:\/\/revistaalcaldesas.mx\/index.php?rest_route=%2Fwp%2Fv2%2Fcategories&post=17218"},{"taxonomy":"post_tag","embeddable":true,"href":"https:\/\/revistaalcaldesas.mx\/index.php?rest_route=%2Fwp%2Fv2%2Ftags&post=17218"}],"curies":[{"name":"wp","href":"https:\/\/api.w.org\/{rel}","templated":true}]}}