{"id":17816,"date":"2024-04-08T19:52:58","date_gmt":"2024-04-09T01:52:58","guid":{"rendered":"https:\/\/revistaalcaldesas.mx\/?p=17816"},"modified":"2024-04-08T19:53:00","modified_gmt":"2024-04-09T01:53:00","slug":"observa-titular-de-la-sep-con-ninos-y-personal-educativo-de-nazas-durango-eclipse-total-de-sol-letamaya-sep_mx","status":"publish","type":"post","link":"https:\/\/revistaalcaldesas.mx\/?p=17816","title":{"rendered":"Observa titular de la SEP con ni\u00f1os y personal educativo de Nazas, Durango, eclipse total de Sol \/ @Letamaya @SEP_mx >>>"},"content":{"rendered":"\n<p><strong>#SEP.-<\/strong> La secretaria de Educaci\u00f3n P\u00fablica visit\u00f3 la escuela primaria \u201cGuadalupe Victoria\u201d, en el municipio de Nazas, Durango, para acompa\u00f1ar a su comunidad educativa a presenciar el eclipse total de Sol, que aconteci\u00f3 este lunes 8 de abril en diferentes partes del pa\u00eds.<\/p>\n\n\n\n<p>Acompa\u00f1ada por el secretario de Educaci\u00f3n del estado de Durango y las cient\u00edficas del Instituto Nacional de Astrof\u00edsica, \u00d3ptica y Electr\u00f3nica (INAOE) del Consejo Nacional de Humanidades, Ciencia y Tecnolog\u00eda (Conahcyt), Mayra Mabel Valerdi Negreros y Mar\u00eda Teresa Orozco Aguilera, destac\u00f3 el trabajo del gobierno estatal, as\u00ed como del personal educativo para informar a ni\u00f1as, ni\u00f1os, adolescentes y j\u00f3venes los protocolos de seguridad para observar el fen\u00f3meno astron\u00f3mico.<\/p>\n\n\n\n<p>En el patio escolar, donde se reunieron los 150 estudiantes del plantel, la titular de la SEP ley\u00f3 el cuento \u201cEl d\u00eda que amaneci\u00f3 dos veces\u201d, que describe el eclipse solar del 11 de junio de 1991 que se observ\u00f3 en la Ciudad de M\u00e9xico.<\/p>\n\n\n\n<p>\u201cEl cielo empez\u00f3 a tomar un color rojizo; poco despu\u00e9s, parec\u00eda como si ya estuviera atardeciendo; mir\u00e1bamos sorprendidos para todos lados. Varias personas se tomaron de las manos, otros re\u00edan; algunos cient\u00edficos miraban a trav\u00e9s de telescopios, los dem\u00e1s ve\u00edamos el avance del eclipse con filtros especiales que sirven para que la luz solar no da\u00f1e nuestros ojos.\u201d<\/p>\n\n\n\n<p>Record\u00f3 que, para el gobierno federal, es prioridad acompa\u00f1ar a las comunidades rurales porque M\u00e9xico es un pa\u00eds diverso y multicultural en el que acontecimientos como este deben compartirse.<\/p>\n\n\n\n<p><strong>#RevistaAlcaldesasMX &#8211;<\/strong> <a href=\"https:\/\/www.facebook.com\/ReAlcaldesasMX\/?__cft__%5b0%5d=AZWCUCopFg6uwR0bar1lA5XOJDPQGbidw7wMESZ9jhjdgQV18UtYzQs5AhW_9gKv6fQhGkof0nlpv0MZSyvZzAtfVQ-kGlKeGnKn1eftLPF_WZz9fv1hNrBXsDhp_akqGslhCB-zuNpCEIlXRqVKVrqMHVfqLWGFKazjuYuOAozwrbcMy0TfH-lcgDWV1GCIoPkxNjje6YZc-2SSWfdVSK2r&amp;__tn__=-UC%2CP-R\"><strong>Revista Alcaldesas MX<\/strong><\/a><\/p>\n","protected":false},"excerpt":{"rendered":"<p>#SEP.- La secretaria de Educaci\u00f3n P\u00fablica visit\u00f3 la escuela primaria \u201cGuadalupe Victoria\u201d, en el municipio de Nazas, Durango, para acompa\u00f1ar a su comunidad educativa a presenciar el eclipse total de Sol, que aconteci\u00f3 este lunes 8 de abril en diferentes partes del pa\u00eds. Acompa\u00f1ada por el secretario de Educaci\u00f3n del<span class=\"more-link\"><a href=\"https:\/\/revistaalcaldesas.mx\/?p=17816\">Continuar leyendo<\/a><\/span><\/p>\n","protected":false},"author":6,"featured_media":17817,"comment_status":"open","ping_status":"open","sticky":false,"template":"","format":"standard","meta":{"rop_custom_images_group":[],"rop_custom_messages_group":[],"rop_publish_now":"yes","rop_publish_now_accounts":{"facebook_540786660636400_100634987996574":""},"rop_publish_now_history":[],"rop_publish_now_status":"pending","footnotes":""},"categories":[32],"tags":[725,1082,232,726,723],"class_list":["entry","author-difusion","post-17816","post","type-post","status-publish","format-standard","has-post-thumbnail","category-secretarias-de-gobierno","tag-enterate","tag-leticia-ramirez-amaya","tag-sep","tag-ultima-hora","tag-ultimas-noticias"],"_links":{"self":[{"href":"https:\/\/revistaalcaldesas.mx\/index.php?rest_route=\/wp\/v2\/posts\/17816","targetHints":{"allow":["GET"]}}],"collection":[{"href":"https:\/\/revistaalcaldesas.mx\/index.php?rest_route=\/wp\/v2\/posts"}],"about":[{"href":"https:\/\/revistaalcaldesas.mx\/index.php?rest_route=\/wp\/v2\/types\/post"}],"author":[{"embeddable":true,"href":"https:\/\/revistaalcaldesas.mx\/index.php?rest_route=\/wp\/v2\/users\/6"}],"replies":[{"embeddable":true,"href":"https:\/\/revistaalcaldesas.mx\/index.php?rest_route=%2Fwp%2Fv2%2Fcomments&post=17816"}],"version-history":[{"count":1,"href":"https:\/\/revistaalcaldesas.mx\/index.php?rest_route=\/wp\/v2\/posts\/17816\/revisions"}],"predecessor-version":[{"id":17818,"href":"https:\/\/revistaalcaldesas.mx\/index.php?rest_route=\/wp\/v2\/posts\/17816\/revisions\/17818"}],"wp:featuredmedia":[{"embeddable":true,"href":"https:\/\/revistaalcaldesas.mx\/index.php?rest_route=\/wp\/v2\/media\/17817"}],"wp:attachment":[{"href":"https:\/\/revistaalcaldesas.mx\/index.php?rest_route=%2Fwp%2Fv2%2Fmedia&parent=17816"}],"wp:term":[{"taxonomy":"category","embeddable":true,"href":"https:\/\/revistaalcaldesas.mx\/index.php?rest_route=%2Fwp%2Fv2%2Fcategories&post=17816"},{"taxonomy":"post_tag","embeddable":true,"href":"https:\/\/revistaalcaldesas.mx\/index.php?rest_route=%2Fwp%2Fv2%2Ftags&post=17816"}],"curies":[{"name":"wp","href":"https:\/\/api.w.org\/{rel}","templated":true}]}}