{"id":17847,"date":"2024-04-17T19:10:21","date_gmt":"2024-04-18T01:10:21","guid":{"rendered":"https:\/\/revistaalcaldesas.mx\/?p=17847"},"modified":"2024-04-17T19:10:23","modified_gmt":"2024-04-18T01:10:23","slug":"invita-municipio-de-tultitlan-en-el-edomex-a-la-jornada-comunitaria-en-plaza-ahuacatitla-elenagarciamtz_-22_24tultitlan","status":"publish","type":"post","link":"https:\/\/revistaalcaldesas.mx\/?p=17847","title":{"rendered":"Invita municipio de Tultitl\u00e1n, en el Edom\u00e9x, a la Jornada Comunitaria en Plaza Ahuacatitla \/ @ElenaGarciaMtz_ @22_24Tultitlan >>>"},"content":{"rendered":"\n<p><strong>#Tultitl\u00e1n, #Edom\u00e9x<\/strong>.- El municipio de Tultitl\u00e1n extendi\u00f3 la invitaci\u00f3n este pr\u00f3ximo 18 de abril en punto de las 10:00 am a la Jornada Comunitaria que llevaremos a cabo en: Plaza Ahuacatitla, Ubicada en: Barrio la Concepci\u00f3n, en C. Toluca, esquina con Amecameca<\/p>\n\n\n\n<p>Se brindar\u00e1n servicios Servicios de Salud y belleza.<\/p>\n\n\n<div class=\"wp-block-image\">\n<figure class=\"aligncenter size-large is-resized\"><img loading=\"lazy\" decoding=\"async\" width=\"1024\" height=\"844\" src=\"https:\/\/revistaalcaldesas.mx\/wp-content\/uploads\/2024\/04\/image-2-1024x844.png\" alt=\"\" class=\"wp-image-17848\" style=\"width:584px;height:auto\" srcset=\"https:\/\/revistaalcaldesas.mx\/wp-content\/uploads\/2024\/04\/image-2-1024x844.png 1024w, https:\/\/revistaalcaldesas.mx\/wp-content\/uploads\/2024\/04\/image-2-300x247.png 300w, https:\/\/revistaalcaldesas.mx\/wp-content\/uploads\/2024\/04\/image-2-768x633.png 768w, https:\/\/revistaalcaldesas.mx\/wp-content\/uploads\/2024\/04\/image-2-465x383.png 465w, https:\/\/revistaalcaldesas.mx\/wp-content\/uploads\/2024\/04\/image-2-607x500.png 607w, https:\/\/revistaalcaldesas.mx\/wp-content\/uploads\/2024\/04\/image-2-600x495.png 600w, https:\/\/revistaalcaldesas.mx\/wp-content\/uploads\/2024\/04\/image-2.png 1395w\" sizes=\"auto, (max-width: 1024px) 100vw, 1024px\" \/><\/figure>\n<\/div>\n\n\n<p><strong>#RevistaAlcaldesasMX &#8211;<\/strong> <a href=\"https:\/\/www.facebook.com\/ReAlcaldesasMX\/?__cft__%5b0%5d=AZWCUCopFg6uwR0bar1lA5XOJDPQGbidw7wMESZ9jhjdgQV18UtYzQs5AhW_9gKv6fQhGkof0nlpv0MZSyvZzAtfVQ-kGlKeGnKn1eftLPF_WZz9fv1hNrBXsDhp_akqGslhCB-zuNpCEIlXRqVKVrqMHVfqLWGFKazjuYuOAozwrbcMy0TfH-lcgDWV1GCIoPkxNjje6YZc-2SSWfdVSK2r&amp;__tn__=-UC%2CP-R\"><strong>Revista Alcaldesas MX<\/strong><\/a><\/p>\n","protected":false},"excerpt":{"rendered":"<p>#Tultitl\u00e1n, #Edom\u00e9x.- El municipio de Tultitl\u00e1n extendi\u00f3 la invitaci\u00f3n este pr\u00f3ximo 18 de abril en punto de las 10:00 am a la Jornada Comunitaria que llevaremos a cabo en: Plaza Ahuacatitla, Ubicada en: Barrio la Concepci\u00f3n, en C. Toluca, esquina con Amecameca Se brindar\u00e1n servicios Servicios de Salud y belleza.<span class=\"more-link\"><a href=\"https:\/\/revistaalcaldesas.mx\/?p=17847\">Continuar leyendo<\/a><\/span><\/p>\n","protected":false},"author":6,"featured_media":17849,"comment_status":"open","ping_status":"open","sticky":false,"template":"","format":"standard","meta":{"rop_custom_images_group":[],"rop_custom_messages_group":[],"rop_publish_now":"initial","rop_publish_now_accounts":{"facebook_540786660636400_100634987996574":""},"rop_publish_now_history":[],"rop_publish_now_status":"pending","footnotes":""},"categories":[30],"tags":[119,725,117,726,723],"class_list":["entry","author-difusion","post-17847","post","type-post","status-publish","format-standard","has-post-thumbnail","category-ultimas-noticias","tag-elena-garcia-martinez","tag-enterate","tag-tultitlan","tag-ultima-hora","tag-ultimas-noticias"],"_links":{"self":[{"href":"https:\/\/revistaalcaldesas.mx\/index.php?rest_route=\/wp\/v2\/posts\/17847","targetHints":{"allow":["GET"]}}],"collection":[{"href":"https:\/\/revistaalcaldesas.mx\/index.php?rest_route=\/wp\/v2\/posts"}],"about":[{"href":"https:\/\/revistaalcaldesas.mx\/index.php?rest_route=\/wp\/v2\/types\/post"}],"author":[{"embeddable":true,"href":"https:\/\/revistaalcaldesas.mx\/index.php?rest_route=\/wp\/v2\/users\/6"}],"replies":[{"embeddable":true,"href":"https:\/\/revistaalcaldesas.mx\/index.php?rest_route=%2Fwp%2Fv2%2Fcomments&post=17847"}],"version-history":[{"count":1,"href":"https:\/\/revistaalcaldesas.mx\/index.php?rest_route=\/wp\/v2\/posts\/17847\/revisions"}],"predecessor-version":[{"id":17850,"href":"https:\/\/revistaalcaldesas.mx\/index.php?rest_route=\/wp\/v2\/posts\/17847\/revisions\/17850"}],"wp:featuredmedia":[{"embeddable":true,"href":"https:\/\/revistaalcaldesas.mx\/index.php?rest_route=\/wp\/v2\/media\/17849"}],"wp:attachment":[{"href":"https:\/\/revistaalcaldesas.mx\/index.php?rest_route=%2Fwp%2Fv2%2Fmedia&parent=17847"}],"wp:term":[{"taxonomy":"category","embeddable":true,"href":"https:\/\/revistaalcaldesas.mx\/index.php?rest_route=%2Fwp%2Fv2%2Fcategories&post=17847"},{"taxonomy":"post_tag","embeddable":true,"href":"https:\/\/revistaalcaldesas.mx\/index.php?rest_route=%2Fwp%2Fv2%2Ftags&post=17847"}],"curies":[{"name":"wp","href":"https:\/\/api.w.org\/{rel}","templated":true}]}}