{"id":17943,"date":"2024-04-22T19:30:12","date_gmt":"2024-04-23T01:30:12","guid":{"rendered":"https:\/\/revistaalcaldesas.mx\/?p=17943"},"modified":"2024-04-22T19:30:13","modified_gmt":"2024-04-23T01:30:13","slug":"autoridades-de-cancun-en-quintana-roo-reconocen-labor-de-maestros-anapatyp-aytocancun","status":"publish","type":"post","link":"https:\/\/revistaalcaldesas.mx\/?p=17943","title":{"rendered":"Autoridades de Canc\u00fan, en Quintana Roo, reconocen labor de maestros \/ @anapatyp @AytoCancun >>>"},"content":{"rendered":"\n<p><strong>#Canc\u00fan, #QRoo.- <\/strong>En el marco del D\u00eda de la Educadora y el Educador, autoridades municipales reconocen la labor de los maestros de preescolar, quienes diariamente sientan las bases en el pensamiento de las ni\u00f1as y ni\u00f1os para construir nuevos sentidos y significados a la educaci\u00f3n.<\/p>\n\n\n<div class=\"wp-block-image\">\n<figure class=\"aligncenter size-large is-resized\"><img loading=\"lazy\" decoding=\"async\" width=\"1024\" height=\"683\" src=\"https:\/\/revistaalcaldesas.mx\/wp-content\/uploads\/2024\/04\/image-11-1024x683.png\" alt=\"\" class=\"wp-image-17945\" style=\"width:590px;height:auto\" srcset=\"https:\/\/revistaalcaldesas.mx\/wp-content\/uploads\/2024\/04\/image-11-1024x683.png 1024w, https:\/\/revistaalcaldesas.mx\/wp-content\/uploads\/2024\/04\/image-11-300x200.png 300w, https:\/\/revistaalcaldesas.mx\/wp-content\/uploads\/2024\/04\/image-11-768x512.png 768w, https:\/\/revistaalcaldesas.mx\/wp-content\/uploads\/2024\/04\/image-11-465x310.png 465w, https:\/\/revistaalcaldesas.mx\/wp-content\/uploads\/2024\/04\/image-11-695x464.png 695w, https:\/\/revistaalcaldesas.mx\/wp-content\/uploads\/2024\/04\/image-11-600x400.png 600w, https:\/\/revistaalcaldesas.mx\/wp-content\/uploads\/2024\/04\/image-11.png 1280w\" sizes=\"auto, (max-width: 1024px) 100vw, 1024px\" \/><\/figure>\n<\/div>\n\n\n<p><strong>#RevistaAlcaldesasMX &#8211;<\/strong> <a href=\"https:\/\/www.facebook.com\/ReAlcaldesasMX\/?__cft__%5b0%5d=AZWCUCopFg6uwR0bar1lA5XOJDPQGbidw7wMESZ9jhjdgQV18UtYzQs5AhW_9gKv6fQhGkof0nlpv0MZSyvZzAtfVQ-kGlKeGnKn1eftLPF_WZz9fv1hNrBXsDhp_akqGslhCB-zuNpCEIlXRqVKVrqMHVfqLWGFKazjuYuOAozwrbcMy0TfH-lcgDWV1GCIoPkxNjje6YZc-2SSWfdVSK2r&amp;__tn__=-UC%2CP-R\"><strong>Revista Alcaldesas MX<\/strong><\/a><\/p>\n","protected":false},"excerpt":{"rendered":"<p>#Canc\u00fan, #QRoo.- En el marco del D\u00eda de la Educadora y el Educador, autoridades municipales reconocen la labor de los maestros de preescolar, quienes diariamente sientan las bases en el pensamiento de las ni\u00f1as y ni\u00f1os para construir nuevos sentidos y significados a la educaci\u00f3n. #RevistaAlcaldesasMX &#8211; Revista Alcaldesas MX<span class=\"more-link\"><a href=\"https:\/\/revistaalcaldesas.mx\/?p=17943\">Continuar leyendo<\/a><\/span><\/p>\n","protected":false},"author":6,"featured_media":17946,"comment_status":"open","ping_status":"open","sticky":false,"template":"","format":"standard","meta":{"rop_custom_images_group":[],"rop_custom_messages_group":[],"rop_publish_now":"yes","rop_publish_now_accounts":{"facebook_540786660636400_100634987996574":""},"rop_publish_now_history":[],"rop_publish_now_status":"pending","footnotes":""},"categories":[28],"tags":[72,725,726,723],"class_list":["entry","author-difusion","post-17943","post","type-post","status-publish","format-standard","has-post-thumbnail","category-alcaldesa-sobresaliente","tag-ayuntamiento-de-benito-juarez","tag-enterate","tag-ultima-hora","tag-ultimas-noticias"],"_links":{"self":[{"href":"https:\/\/revistaalcaldesas.mx\/index.php?rest_route=\/wp\/v2\/posts\/17943","targetHints":{"allow":["GET"]}}],"collection":[{"href":"https:\/\/revistaalcaldesas.mx\/index.php?rest_route=\/wp\/v2\/posts"}],"about":[{"href":"https:\/\/revistaalcaldesas.mx\/index.php?rest_route=\/wp\/v2\/types\/post"}],"author":[{"embeddable":true,"href":"https:\/\/revistaalcaldesas.mx\/index.php?rest_route=\/wp\/v2\/users\/6"}],"replies":[{"embeddable":true,"href":"https:\/\/revistaalcaldesas.mx\/index.php?rest_route=%2Fwp%2Fv2%2Fcomments&post=17943"}],"version-history":[{"count":1,"href":"https:\/\/revistaalcaldesas.mx\/index.php?rest_route=\/wp\/v2\/posts\/17943\/revisions"}],"predecessor-version":[{"id":17947,"href":"https:\/\/revistaalcaldesas.mx\/index.php?rest_route=\/wp\/v2\/posts\/17943\/revisions\/17947"}],"wp:featuredmedia":[{"embeddable":true,"href":"https:\/\/revistaalcaldesas.mx\/index.php?rest_route=\/wp\/v2\/media\/17946"}],"wp:attachment":[{"href":"https:\/\/revistaalcaldesas.mx\/index.php?rest_route=%2Fwp%2Fv2%2Fmedia&parent=17943"}],"wp:term":[{"taxonomy":"category","embeddable":true,"href":"https:\/\/revistaalcaldesas.mx\/index.php?rest_route=%2Fwp%2Fv2%2Fcategories&post=17943"},{"taxonomy":"post_tag","embeddable":true,"href":"https:\/\/revistaalcaldesas.mx\/index.php?rest_route=%2Fwp%2Fv2%2Ftags&post=17943"}],"curies":[{"name":"wp","href":"https:\/\/api.w.org\/{rel}","templated":true}]}}