{"id":17951,"date":"2024-01-28T19:34:00","date_gmt":"2024-01-29T01:34:00","guid":{"rendered":"https:\/\/revistaalcaldesas.mx\/?p=17951"},"modified":"2024-04-24T19:35:32","modified_gmt":"2024-04-25T01:35:32","slug":"se-compromete-mariela-gutierrez-a-impulsar-las-iniciativas-pendientes-de-la-comunidad-lgtbq-marielagtzesc","status":"publish","type":"post","link":"https:\/\/revistaalcaldesas.mx\/?p=17951","title":{"rendered":"Se compromete Mariela Guti\u00e9rrez a impulsar las iniciativas pendientes de la comunidad LGTBQ+ \/ @MarielaGtzEsc >>>"},"content":{"rendered":"\n<p><strong>#EstadoDeM\u00e9xico<\/strong>.- La candidata al Senado de Morena, PVEM y PT, Mariela Guti\u00e9rrez Escalante, extern\u00f3 su respaldo al movimiento \u201cNaci\u00f3n de Orgullo\u201d, que impulsa la comunidad LGTBQ+ con la finalidad de sentar las bases en el pr\u00f3ximo gobierno para garantizar los derechos de las diversidades.<\/p>\n\n\n\n<p>Al reunirse con integrantes de este sector de la poblaci\u00f3n hizo el compromiso que desde el Senado promover\u00e1 las iniciativas que se han quedado pendientes, como la Ley Trans, la tipificaci\u00f3n de los transfeminicidios y cr\u00edmenes de odio, as\u00ed como el reconocimiento de la identidad de g\u00e9nero.<\/p>\n\n\n\n<p>Subray\u00f3 que tambi\u00e9n atender\u00e1 su voz para que se garanticen, como ya hace en Tec\u00e1mac, espacios seguros para todos, todas y todas. \u201cEse es mi compromiso\u201d, dijo al comentar que a nivel estatal \u201cservir\u00e9 como esa bisagra, ese enlace, para comunicar con este nuevo gobierno sensible, encabezado por una mujer que nos atiende y escucha\u201d.<\/p>\n\n\n\n<p>Dijo que \u201cNaci\u00f3n de Orgullo\u201d es un movimiento que crearon para escuchar y dialogar con los militantes, simpatizantes y personalidades de la vida p\u00fablica y liderazgos de la sociedad civil, de la diversidad sexual y de g\u00e9nero en las 32 entidades de la Rep\u00fablica.<\/p>\n\n\n\n<p>Consider\u00f3 que es importante que militantes, simpatizantes, activistas y l\u00edderes sociales pertenecientes a la diversidad sexual se re\u00fanan en este espacio para construir un proyecto de naci\u00f3n que garantice, ampl\u00ede y fortalezca los derechos de la diversidad sexual y de g\u00e9nero.<\/p>\n\n\n<div class=\"wp-block-image\">\n<figure class=\"aligncenter size-full is-resized\"><img loading=\"lazy\" decoding=\"async\" width=\"1024\" height=\"683\" src=\"https:\/\/revistaalcaldesas.mx\/wp-content\/uploads\/2024\/04\/image-12.png\" alt=\"\" class=\"wp-image-17952\" style=\"width:476px;height:auto\" srcset=\"https:\/\/revistaalcaldesas.mx\/wp-content\/uploads\/2024\/04\/image-12.png 1024w, https:\/\/revistaalcaldesas.mx\/wp-content\/uploads\/2024\/04\/image-12-300x200.png 300w, https:\/\/revistaalcaldesas.mx\/wp-content\/uploads\/2024\/04\/image-12-768x512.png 768w, https:\/\/revistaalcaldesas.mx\/wp-content\/uploads\/2024\/04\/image-12-465x310.png 465w, https:\/\/revistaalcaldesas.mx\/wp-content\/uploads\/2024\/04\/image-12-695x464.png 695w, https:\/\/revistaalcaldesas.mx\/wp-content\/uploads\/2024\/04\/image-12-600x400.png 600w\" sizes=\"auto, (max-width: 1024px) 100vw, 1024px\" \/><\/figure>\n<\/div>\n\n\n<p>Aqu\u00ed en Tec\u00e1mac han sido tomados en cuenta, hemos garantizado lugares en donde se puedan reunir, hemos hecho un trabajo con la comunidad, porque para nosotros ustedes s\u00ed existen, s\u00ed son importantes, y extern\u00f3 su aprobaci\u00f3n para que se construya una agenda que siente las bases con el pr\u00f3ximo gobierno.<\/p>\n\n\n\n<p>A nombre de los asistentes, Temist\u00f3cles Villanueva Ramos, diputado local de la Ciudad de M\u00e9xico, indic\u00f3 que \u201cNaci\u00f3n de Orgullo\u201d lo que busca es crear una plataforma que le d\u00e9 voz a todas las poblaciones que hist\u00f3ricamente no han encontrado un espacio para ser escuchadas, para expresar sus ideas y proponer soluciones.<\/p>\n\n\n\n<p>Anunci\u00f3 que el pr\u00f3ximo domingo 28 de abril se congregar\u00e1n en Nezahualc\u00f3yotl, para construir la Agenda de las Diversidades del Estado de M\u00e9xico, que se integrar\u00e1 al resto de las entidades, para ser entregada a Claudia Sheinbaum.<\/p>\n\n\n\n<p>En evento estuvieron presentes Alina Yanet Fern\u00e1ndez, vocera en el Edomex de \u201cNaci\u00f3n de Orgullo\u201d; Antonio Cort\u00e9s, comisionado ejecutivo de diversidad sexual de Morena en la entidad; Edomex; Pablo Alonso Hern\u00e1ndez, coordinador general, y Karen Quintero, candidata a diputada local en Hidalgo.<\/p>\n\n\n\n<p><strong>#RevistaAlcaldesasMX &#8211;<\/strong> <a href=\"https:\/\/www.facebook.com\/ReAlcaldesasMX\/?__cft__%5b0%5d=AZWCUCopFg6uwR0bar1lA5XOJDPQGbidw7wMESZ9jhjdgQV18UtYzQs5AhW_9gKv6fQhGkof0nlpv0MZSyvZzAtfVQ-kGlKeGnKn1eftLPF_WZz9fv1hNrBXsDhp_akqGslhCB-zuNpCEIlXRqVKVrqMHVfqLWGFKazjuYuOAozwrbcMy0TfH-lcgDWV1GCIoPkxNjje6YZc-2SSWfdVSK2r&amp;__tn__=-UC%2CP-R\"><strong>Revista Alcaldesas MX<\/strong><\/a><\/p>\n","protected":false},"excerpt":{"rendered":"<p>#EstadoDeM\u00e9xico.- La candidata al Senado de Morena, PVEM y PT, Mariela Guti\u00e9rrez Escalante, extern\u00f3 su respaldo al movimiento \u201cNaci\u00f3n de Orgullo\u201d, que impulsa la comunidad LGTBQ+ con la finalidad de sentar las bases en el pr\u00f3ximo gobierno para garantizar los derechos de las diversidades. Al reunirse con integrantes de este<span class=\"more-link\"><a href=\"https:\/\/revistaalcaldesas.mx\/?p=17951\">Continuar leyendo<\/a><\/span><\/p>\n","protected":false},"author":5,"featured_media":17953,"comment_status":"open","ping_status":"open","sticky":false,"template":"","format":"standard","meta":{"rop_custom_images_group":[],"rop_custom_messages_group":[],"rop_publish_now":"initial","rop_publish_now_accounts":{"facebook_540786660636400_100634987996574":""},"rop_publish_now_history":[],"rop_publish_now_status":"pending","footnotes":""},"categories":[1113],"tags":[725,201,73,726,723],"class_list":["entry","author-katiamichelramirez","post-17951","post","type-post","status-publish","format-standard","has-post-thumbnail","category-municipios-2","tag-enterate","tag-mariela-gutierrez","tag-tecamac","tag-ultima-hora","tag-ultimas-noticias"],"_links":{"self":[{"href":"https:\/\/revistaalcaldesas.mx\/index.php?rest_route=\/wp\/v2\/posts\/17951","targetHints":{"allow":["GET"]}}],"collection":[{"href":"https:\/\/revistaalcaldesas.mx\/index.php?rest_route=\/wp\/v2\/posts"}],"about":[{"href":"https:\/\/revistaalcaldesas.mx\/index.php?rest_route=\/wp\/v2\/types\/post"}],"author":[{"embeddable":true,"href":"https:\/\/revistaalcaldesas.mx\/index.php?rest_route=\/wp\/v2\/users\/5"}],"replies":[{"embeddable":true,"href":"https:\/\/revistaalcaldesas.mx\/index.php?rest_route=%2Fwp%2Fv2%2Fcomments&post=17951"}],"version-history":[{"count":1,"href":"https:\/\/revistaalcaldesas.mx\/index.php?rest_route=\/wp\/v2\/posts\/17951\/revisions"}],"predecessor-version":[{"id":17954,"href":"https:\/\/revistaalcaldesas.mx\/index.php?rest_route=\/wp\/v2\/posts\/17951\/revisions\/17954"}],"wp:featuredmedia":[{"embeddable":true,"href":"https:\/\/revistaalcaldesas.mx\/index.php?rest_route=\/wp\/v2\/media\/17953"}],"wp:attachment":[{"href":"https:\/\/revistaalcaldesas.mx\/index.php?rest_route=%2Fwp%2Fv2%2Fmedia&parent=17951"}],"wp:term":[{"taxonomy":"category","embeddable":true,"href":"https:\/\/revistaalcaldesas.mx\/index.php?rest_route=%2Fwp%2Fv2%2Fcategories&post=17951"},{"taxonomy":"post_tag","embeddable":true,"href":"https:\/\/revistaalcaldesas.mx\/index.php?rest_route=%2Fwp%2Fv2%2Ftags&post=17951"}],"curies":[{"name":"wp","href":"https:\/\/api.w.org\/{rel}","templated":true}]}}