{"id":18432,"date":"2024-05-13T20:26:16","date_gmt":"2024-05-14T02:26:16","guid":{"rendered":"https:\/\/revistaalcaldesas.mx\/?p=18432"},"modified":"2024-05-30T20:27:05","modified_gmt":"2024-05-31T02:27:05","slug":"la-seguridad-y-el-suministro-de-agua-en-izcalli-prioritarios-en-mi-administracion-karla-fiesco-karlafiesco-cuautitlanmx","status":"publish","type":"post","link":"https:\/\/revistaalcaldesas.mx\/?p=18432","title":{"rendered":"La seguridad y el suministro de agua en Izcalli; prioritarios en mi administraci\u00f3n: Karla Fiesco \/ @KarlaFiesco @CuautitlanMX >>>"},"content":{"rendered":"\n<p class=\"wp-block-paragraph\"><strong>#Cuautitl\u00e1nIzcalli, #Edom\u00e9x<\/strong>.- Karla Fiesco Garc\u00eda, candidata a la presidencia municipal de Cuautitl\u00e1n Izcalli por la coalici\u00f3n Fuerza y Coraz\u00f3n por EDOM\u00c9X, present\u00f3 sus propuestas en materia de seguridad y agua. Estos dos temas fueron prioritarios en su administraci\u00f3n y hoy quiere continuar con los trabajos que dieron como resultados la baja en los \u00edndices de inseguridad, as\u00ed como enfrentar con acciones viables el reto h\u00eddrico que enfrenta el municipio mexiquense y el pa\u00eds entero.<\/p>\n\n\n\n<p class=\"wp-block-paragraph\">\u201cLa seguridad nunca fue prioridad para el gobierno anterior, en 2022 recibimos un municipio con altos \u00edndices delictivos que superaban el promedio estatal, coloc\u00e1ndonos como el municipio m\u00e1s inseguro del Estado de M\u00e9xico y el cuarto m\u00e1s inseguro del pa\u00eds, 9 de cada 10 Izcallenses percib\u00edan inseguridad, hoy eso es diferente\u201d. Hoy el cambio ya se nota y no s\u00f3lo salimos del 4\u00b0 lugar sino que estamos en el lugar 26 de la ENSU del INEGI, explic\u00f3 Karla Fiesco en conferencia de prensa en Hacienda del Parque.<\/p>\n\n\n\n<p class=\"wp-block-paragraph\">Detall\u00f3 que para combatir y disminuir la inseguridad se trabaja con una estrategia transversal que incluye acciones de proximidad basado en el Modelo Nacional de Polic\u00eda y Justicia C\u00edvica, de recuperaci\u00f3n de espacios p\u00fablicos, de atenci\u00f3n y servicio por parte de los elementos de la Comisar\u00eda de Seguridad P\u00fablica, la instalaci\u00f3n de m\u00e1s de 200 puntos violetas, el crecimiento de la Polic\u00eda de G\u00e9nero, la recuperaci\u00f3n del sistema de c\u00e1maras, entre otras.<\/p>\n\n\n<div class=\"wp-block-image\">\n<figure class=\"aligncenter size-large is-resized\"><img decoding=\"async\" src=\"https:\/\/elmexiquense.vip\/wp-content\/uploads\/2024\/05\/izca2-2-1024x683.jpg\" alt=\"\" class=\"wp-image-29408\" style=\"width:397px;height:auto\"\/><\/figure>\n<\/div>\n\n\n<p class=\"wp-block-paragraph\">Para reforzar estas acciones y que la inseguridad siga a la baja en los pr\u00f3ximos a\u00f1os:<\/p>\n\n\n\n<ul class=\"wp-block-list\">\n<li>Se iluminar\u00e1 Izcalli al 100 por ciento<\/li>\n\n\n\n<li>Habr\u00e1 tecnolog\u00eda cuidando 24\/7 con nuevas c\u00e1maras en puntos de mayor incidencia delictiva<\/li>\n\n\n\n<li>Se contar\u00e1 con dos nuevas Centrales de Operaci\u00f3n, en La Quebrada y La Piedad<\/li>\n\n\n\n<li>Se crear\u00e1 un Centro de Capacitaci\u00f3n Policial<\/li>\n\n\n\n<li>Se reforzar\u00e1n los \u201cPuntos Violeta\u201d<\/li>\n\n\n\n<li>Se instalar\u00e1 el refugio temporal de pernocta para mujeres v\u00edctimas de violencia de g\u00e9nero<\/li>\n<\/ul>\n\n\n\n<p class=\"wp-block-paragraph\">En materia de agua, Cuautitl\u00e1n Izcalli necesita propuestas viables para enfrentar el reto h\u00eddrico que se vive no solo en el municipio, sino en todo el pa\u00eds. \u201cM\u00e9xico vive una crisis sin precedentes, el sistema Cutzamala registra el nivel m\u00e1s bajo de almacenamiento de agua en la historia, lo que provoca que el l\u00edquido no este llegando a los hogares como se necesita\u201d, apunt\u00f3 Karla Fiesco.<\/p>\n\n\n<div class=\"wp-block-image\">\n<figure class=\"aligncenter size-large is-resized\"><img decoding=\"async\" src=\"https:\/\/elmexiquense.vip\/wp-content\/uploads\/2024\/05\/izca3-1024x652.jpg\" alt=\"\" class=\"wp-image-29409\" style=\"width:427px;height:auto\"\/><\/figure>\n<\/div>\n\n\n<p class=\"wp-block-paragraph\"><strong>#RevistaAlcaldesasMx<\/strong> &#8211; <a href=\"https:\/\/www.facebook.com\/ReAlcaldesasMX\/?__cft__%5b0%5d=AZWCUCopFg6uwR0bar1lA5XOJDPQGbidw7wMESZ9jhjdgQV18UtYzQs5AhW_9gKv6fQhGkof0nlpv0MZSyvZzAtfVQ-kGlKeGnKn1eftLPF_WZz9fv1hNrBXsDhp_akqGslhCB-zuNpCEIlXRqVKVrqMHVfqLWGFKazjuYuOAozwrbcMy0TfH-lcgDWV1GCIoPkxNjje6YZc-2SSWfdVSK2r&amp;__tn__=-UC%2CP-R\"><strong>Revista Alcaldesas MX<\/strong><\/a><\/p>\n","protected":false},"excerpt":{"rendered":"<p>#Cuautitl\u00e1nIzcalli, #Edom\u00e9x.- Karla Fiesco Garc\u00eda, candidata a la presidencia municipal de Cuautitl\u00e1n Izcalli por la coalici\u00f3n Fuerza y Coraz\u00f3n por EDOM\u00c9X, present\u00f3 sus propuestas en materia de seguridad y agua. Estos dos temas fueron prioritarios en su administraci\u00f3n y hoy quiere continuar con los trabajos que dieron como resultados la<span class=\"more-link\"><a href=\"https:\/\/revistaalcaldesas.mx\/?p=18432\">Continuar leyendo<\/a><\/span><\/p>\n","protected":false},"author":6,"featured_media":18433,"comment_status":"open","ping_status":"open","sticky":false,"template":"","format":"standard","meta":{"rop_custom_images_group":[],"rop_custom_messages_group":[],"rop_publish_now":"yes","rop_publish_now_accounts":{"facebook_540786660636400_100634987996574":""},"rop_publish_now_history":[],"rop_publish_now_status":"pending","footnotes":""},"categories":[29],"tags":[967,724,725,147,1056,855,726,723],"class_list":["entry","author-difusion","post-18432","post","type-post","status-publish","format-standard","has-post-thumbnail","category-municipios-1","tag-cuautitlan-izcalli","tag-en-vivo","tag-enterate","tag-gobierno-de-mexico","tag-karla-fiesco-garcia","tag-revista-alcaldesas-mx-2","tag-ultima-hora","tag-ultimas-noticias"],"_links":{"self":[{"href":"https:\/\/revistaalcaldesas.mx\/index.php?rest_route=\/wp\/v2\/posts\/18432","targetHints":{"allow":["GET"]}}],"collection":[{"href":"https:\/\/revistaalcaldesas.mx\/index.php?rest_route=\/wp\/v2\/posts"}],"about":[{"href":"https:\/\/revistaalcaldesas.mx\/index.php?rest_route=\/wp\/v2\/types\/post"}],"author":[{"embeddable":true,"href":"https:\/\/revistaalcaldesas.mx\/index.php?rest_route=\/wp\/v2\/users\/6"}],"replies":[{"embeddable":true,"href":"https:\/\/revistaalcaldesas.mx\/index.php?rest_route=%2Fwp%2Fv2%2Fcomments&post=18432"}],"version-history":[{"count":1,"href":"https:\/\/revistaalcaldesas.mx\/index.php?rest_route=\/wp\/v2\/posts\/18432\/revisions"}],"predecessor-version":[{"id":18434,"href":"https:\/\/revistaalcaldesas.mx\/index.php?rest_route=\/wp\/v2\/posts\/18432\/revisions\/18434"}],"wp:featuredmedia":[{"embeddable":true,"href":"https:\/\/revistaalcaldesas.mx\/index.php?rest_route=\/wp\/v2\/media\/18433"}],"wp:attachment":[{"href":"https:\/\/revistaalcaldesas.mx\/index.php?rest_route=%2Fwp%2Fv2%2Fmedia&parent=18432"}],"wp:term":[{"taxonomy":"category","embeddable":true,"href":"https:\/\/revistaalcaldesas.mx\/index.php?rest_route=%2Fwp%2Fv2%2Fcategories&post=18432"},{"taxonomy":"post_tag","embeddable":true,"href":"https:\/\/revistaalcaldesas.mx\/index.php?rest_route=%2Fwp%2Fv2%2Ftags&post=18432"}],"curies":[{"name":"wp","href":"https:\/\/api.w.org\/{rel}","templated":true}]}}