{"id":18558,"date":"2024-05-03T23:36:00","date_gmt":"2024-05-04T05:36:00","guid":{"rendered":"https:\/\/revistaalcaldesas.mx\/?p=18558"},"modified":"2024-06-05T23:37:26","modified_gmt":"2024-06-06T05:37:26","slug":"participa-paty-galindo-en-reunion-con-companeros-lideres-de-teotihuacan","status":"publish","type":"post","link":"https:\/\/revistaalcaldesas.mx\/?p=18558","title":{"rendered":"Participa Paty Galindo en reuni\u00f3n con compa\u00f1eros l\u00edderes de Teotihuac\u00e1n >>>"},"content":{"rendered":"\n<p><strong>#Tec\u00e1mac, #Edom\u00e9x<\/strong>.- Por la ma\u00f1ana tuvimos una reuni\u00f3n con compa\u00f1eros l\u00edderes de Teotihuac\u00e1n, que apoyan la coalici\u00f3n Sigamos Haciendo Historia, donde nos coordinamos para redoblar esfuerzos este \u00faltimo mes de campa\u00f1a y a quienes les agradezco su apertura y apoyo.<\/p>\n\n\n\n<p>Y para concluir el d\u00eda, nos presentamos con vecinos de la colonia Santa Cruz en Tec\u00e1mac, apoyando a mi amiga y candidata Rosi Wong.<\/p>\n\n\n\n<p><a><\/a>Recuerda, este 2 de JUNIO VOTA<\/p>\n\n\n\n<p>5 de 5<\/p>\n\n\n\n<p>Claudia Sheinbaum<\/p>\n\n\n\n<p>Mariela Guti\u00e9rrez<\/p>\n\n\n\n<p>Rosi Wong<\/p>\n\n\n\n<p>Samuel Hern\u00e1ndez<\/p>\n\n\n\n<p>Paty Galindo<\/p>\n\n\n\n<p><strong>#RevistaAlcaldesasMx<\/strong> &#8211; <a href=\"https:\/\/www.facebook.com\/ReAlcaldesasMX\/?__cft__%5b0%5d=AZWCUCopFg6uwR0bar1lA5XOJDPQGbidw7wMESZ9jhjdgQV18UtYzQs5AhW_9gKv6fQhGkof0nlpv0MZSyvZzAtfVQ-kGlKeGnKn1eftLPF_WZz9fv1hNrBXsDhp_akqGslhCB-zuNpCEIlXRqVKVrqMHVfqLWGFKazjuYuOAozwrbcMy0TfH-lcgDWV1GCIoPkxNjje6YZc-2SSWfdVSK2r&amp;__tn__=-UC%2CP-R\"><strong>Revista Alcaldesas MX<\/strong><\/a><\/p>\n","protected":false},"excerpt":{"rendered":"<p>#Tec\u00e1mac, #Edom\u00e9x.- Por la ma\u00f1ana tuvimos una reuni\u00f3n con compa\u00f1eros l\u00edderes de Teotihuac\u00e1n, que apoyan la coalici\u00f3n Sigamos Haciendo Historia, donde nos coordinamos para redoblar esfuerzos este \u00faltimo mes de campa\u00f1a y a quienes les agradezco su apertura y apoyo. Y para concluir el d\u00eda, nos presentamos con vecinos de<span class=\"more-link\"><a href=\"https:\/\/revistaalcaldesas.mx\/?p=18558\">Continuar leyendo<\/a><\/span><\/p>\n","protected":false},"author":6,"featured_media":18559,"comment_status":"open","ping_status":"open","sticky":false,"template":"","format":"standard","meta":{"rop_custom_images_group":[],"rop_custom_messages_group":[],"rop_publish_now":"initial","rop_publish_now_accounts":{"facebook_540786660636400_100634987996574":""},"rop_publish_now_history":[],"rop_publish_now_status":"pending","footnotes":""},"categories":[30],"tags":[724,725,147,855,726,723],"class_list":["entry","author-difusion","post-18558","post","type-post","status-publish","format-standard","has-post-thumbnail","category-ultimas-noticias","tag-en-vivo","tag-enterate","tag-gobierno-de-mexico","tag-revista-alcaldesas-mx-2","tag-ultima-hora","tag-ultimas-noticias"],"_links":{"self":[{"href":"https:\/\/revistaalcaldesas.mx\/index.php?rest_route=\/wp\/v2\/posts\/18558","targetHints":{"allow":["GET"]}}],"collection":[{"href":"https:\/\/revistaalcaldesas.mx\/index.php?rest_route=\/wp\/v2\/posts"}],"about":[{"href":"https:\/\/revistaalcaldesas.mx\/index.php?rest_route=\/wp\/v2\/types\/post"}],"author":[{"embeddable":true,"href":"https:\/\/revistaalcaldesas.mx\/index.php?rest_route=\/wp\/v2\/users\/6"}],"replies":[{"embeddable":true,"href":"https:\/\/revistaalcaldesas.mx\/index.php?rest_route=%2Fwp%2Fv2%2Fcomments&post=18558"}],"version-history":[{"count":1,"href":"https:\/\/revistaalcaldesas.mx\/index.php?rest_route=\/wp\/v2\/posts\/18558\/revisions"}],"predecessor-version":[{"id":18560,"href":"https:\/\/revistaalcaldesas.mx\/index.php?rest_route=\/wp\/v2\/posts\/18558\/revisions\/18560"}],"wp:featuredmedia":[{"embeddable":true,"href":"https:\/\/revistaalcaldesas.mx\/index.php?rest_route=\/wp\/v2\/media\/18559"}],"wp:attachment":[{"href":"https:\/\/revistaalcaldesas.mx\/index.php?rest_route=%2Fwp%2Fv2%2Fmedia&parent=18558"}],"wp:term":[{"taxonomy":"category","embeddable":true,"href":"https:\/\/revistaalcaldesas.mx\/index.php?rest_route=%2Fwp%2Fv2%2Fcategories&post=18558"},{"taxonomy":"post_tag","embeddable":true,"href":"https:\/\/revistaalcaldesas.mx\/index.php?rest_route=%2Fwp%2Fv2%2Ftags&post=18558"}],"curies":[{"name":"wp","href":"https:\/\/api.w.org\/{rel}","templated":true}]}}