{"id":18583,"date":"2024-05-23T23:48:00","date_gmt":"2024-05-24T05:48:00","guid":{"rendered":"https:\/\/revistaalcaldesas.mx\/?p=18583"},"modified":"2024-06-05T23:49:15","modified_gmt":"2024-06-06T05:49:15","slug":"caminamos-y-platicamos-con-los-vecinos-de-la-colonia-san-bartolome-actopan-paty-galindo","status":"publish","type":"post","link":"https:\/\/revistaalcaldesas.mx\/?p=18583","title":{"rendered":"Caminamos y platicamos con los vecinos de la colonia San Bartolom\u00e9 Actopan: Paty Galindo >>>"},"content":{"rendered":"\n<p><strong>#Tec\u00e1mac, #Edom\u00e9x<\/strong>.- En compa\u00f1\u00eda de mis compa\u00f1eros candidatos Samuel Hern\u00e1ndez, Alan Mart\u00ednez y la pr\u00f3xima senadora del Estado de M\u00e9xico Mariela Guti\u00e9rrez, caminamos y platicamos con los vecinos de este hermoso pueblo ubicado en el municipio de Temascalapa.<\/p>\n\n\n\n<p>Ah\u00ed, resaltamos la importancia de consolidar el segundo piso de la cuarta transformaci\u00f3n y el impacto que tendr\u00e1 el votar 5 de 5 por las y los candidatos de la coalici\u00f3n Sigamos Haciendo Historia.<\/p>\n\n\n\n<p><strong>#RevistaAlcaldesasMx<\/strong>&#8211; <a href=\"https:\/\/www.facebook.com\/ReAlcaldesasMX\/?__cft__%5b0%5d=AZWCUCopFg6uwR0bar1lA5XOJDPQGbidw7wMESZ9jhjdgQV18UtYzQs5AhW_9gKv6fQhGkof0nlpv0MZSyvZzAtfVQ-kGlKeGnKn1eftLPF_WZz9fv1hNrBXsDhp_akqGslhCB-zuNpCEIlXRqVKVrqMHVfqLWGFKazjuYuOAozwrbcMy0TfH-lcgDWV1GCIoPkxNjje6YZc-2SSWfdVSK2r&amp;__tn__=-UC%2CP-R\"><strong>Revista Alcaldesas MX<\/strong><\/a><\/p>\n","protected":false},"excerpt":{"rendered":"<p>#Tec\u00e1mac, #Edom\u00e9x.- En compa\u00f1\u00eda de mis compa\u00f1eros candidatos Samuel Hern\u00e1ndez, Alan Mart\u00ednez y la pr\u00f3xima senadora del Estado de M\u00e9xico Mariela Guti\u00e9rrez, caminamos y platicamos con los vecinos de este hermoso pueblo ubicado en el municipio de Temascalapa. Ah\u00ed, resaltamos la importancia de consolidar el segundo piso de la cuarta<span class=\"more-link\"><a href=\"https:\/\/revistaalcaldesas.mx\/?p=18583\">Continuar leyendo<\/a><\/span><\/p>\n","protected":false},"author":6,"featured_media":18584,"comment_status":"open","ping_status":"open","sticky":false,"template":"","format":"standard","meta":{"rop_custom_images_group":[],"rop_custom_messages_group":[],"rop_publish_now":"initial","rop_publish_now_accounts":{"facebook_540786660636400_100634987996574":""},"rop_publish_now_history":[],"rop_publish_now_status":"pending","footnotes":""},"categories":[30],"tags":[724,725,147,855,726,723],"class_list":["entry","author-difusion","post-18583","post","type-post","status-publish","format-standard","has-post-thumbnail","category-ultimas-noticias","tag-en-vivo","tag-enterate","tag-gobierno-de-mexico","tag-revista-alcaldesas-mx-2","tag-ultima-hora","tag-ultimas-noticias"],"_links":{"self":[{"href":"https:\/\/revistaalcaldesas.mx\/index.php?rest_route=\/wp\/v2\/posts\/18583","targetHints":{"allow":["GET"]}}],"collection":[{"href":"https:\/\/revistaalcaldesas.mx\/index.php?rest_route=\/wp\/v2\/posts"}],"about":[{"href":"https:\/\/revistaalcaldesas.mx\/index.php?rest_route=\/wp\/v2\/types\/post"}],"author":[{"embeddable":true,"href":"https:\/\/revistaalcaldesas.mx\/index.php?rest_route=\/wp\/v2\/users\/6"}],"replies":[{"embeddable":true,"href":"https:\/\/revistaalcaldesas.mx\/index.php?rest_route=%2Fwp%2Fv2%2Fcomments&post=18583"}],"version-history":[{"count":1,"href":"https:\/\/revistaalcaldesas.mx\/index.php?rest_route=\/wp\/v2\/posts\/18583\/revisions"}],"predecessor-version":[{"id":18585,"href":"https:\/\/revistaalcaldesas.mx\/index.php?rest_route=\/wp\/v2\/posts\/18583\/revisions\/18585"}],"wp:featuredmedia":[{"embeddable":true,"href":"https:\/\/revistaalcaldesas.mx\/index.php?rest_route=\/wp\/v2\/media\/18584"}],"wp:attachment":[{"href":"https:\/\/revistaalcaldesas.mx\/index.php?rest_route=%2Fwp%2Fv2%2Fmedia&parent=18583"}],"wp:term":[{"taxonomy":"category","embeddable":true,"href":"https:\/\/revistaalcaldesas.mx\/index.php?rest_route=%2Fwp%2Fv2%2Fcategories&post=18583"},{"taxonomy":"post_tag","embeddable":true,"href":"https:\/\/revistaalcaldesas.mx\/index.php?rest_route=%2Fwp%2Fv2%2Ftags&post=18583"}],"curies":[{"name":"wp","href":"https:\/\/api.w.org\/{rel}","templated":true}]}}