{"id":18853,"date":"2024-07-03T18:54:14","date_gmt":"2024-07-04T00:54:14","guid":{"rendered":"https:\/\/revistaalcaldesas.mx\/?p=18853"},"modified":"2024-07-03T18:54:15","modified_gmt":"2024-07-04T00:54:15","slug":"en-apoyo-a-las-mipymes-afectadas-por-el-huracan-otis-llegan-a-acapulco-las-jornadas-de-la-mano-con-tu-negocio-se_mx","status":"publish","type":"post","link":"https:\/\/revistaalcaldesas.mx\/?p=18853","title":{"rendered":"En apoyo a las mipymes afectadas por el hurac\u00e1n Otis, llegan a Acapulco las Jornadas \u201cDe la mano con tu negocio\u201d \/ @SE_mx >>>"},"content":{"rendered":"\n<p><strong>#ECONOM\u00cdA.-<\/strong> Como parte de las acciones para reactivar la econom\u00eda y apoyar a las micro, peque\u00f1as y medianas empresas (mipymes) afectadas por el hurac\u00e1n Otis en Acapulco y Coyuca de Ben\u00edtez, el subsecretario de Comercio Exterior de la Secretar\u00eda de Econom\u00eda, Alejandro Encinas N\u00e1jera, y la secretaria de Fomento y Desarrollo Econ\u00f3mico de Guerrero, Teodora Ram\u00edrez Vega, inauguraron la tercera edici\u00f3n de las Jornadas \u201cDe la mano con tu negocio\u201d, en Acapulco.<\/p>\n\n\n\n<p>Durante el evento, el subsecretario de Comercio Exterior reiter\u00f3 el compromiso del Gobierno de M\u00e9xico con el pueblo acapulque\u00f1o y de Coyuca, con su recuperaci\u00f3n despu\u00e9s del hurac\u00e1n Otis, por ello, las Jornadas \u201cDe la mano con tu negocio\u201d llegaron a este puerto.&nbsp;<\/p>\n\n\n\n<p>Indic\u00f3 que las mipymes en Guerrero no son solamente unidades econ\u00f3micas, sino tambi\u00e9n una de las principales fuentes de ingresos de familias enteras; se tienen registradas en esta entidad 149 mil mipymes, de las cuales, el 73 % se encuentran en el municipio de Acapulco, con actividades de comercio minorista, de la construcci\u00f3n, servicios de hosteler\u00eda, de alojamiento temporal, preparaci\u00f3n de alimentos y bebidas, entre otras, que en conjunto generan 6 mil 600 millones de pesos.<\/p>\n\n\n\n<p>Encinas N\u00e1jera asegur\u00f3 que el peque\u00f1o empresario lo que quiere ver es que el gobierno funcione como si fuera uno solo y espera que, \u201cactuemos de manera eficiente, es nuestro deber responder a esta expectativa con eficacia. Por eso quiero reconocer que las autoridades aqu\u00ed en las Jornadas le est\u00e1n entrando parejo. Ya pusimos a prueba este modelo y quiero decirles que es un modelo que funciona\u201d.<\/p>\n\n\n\n<p><strong>#RevistaAlcaldesasMX &#8211;<\/strong> <a href=\"https:\/\/www.facebook.com\/ReAlcaldesasMX\/?__cft__%5b0%5d=AZWCUCopFg6uwR0bar1lA5XOJDPQGbidw7wMESZ9jhjdgQV18UtYzQs5AhW_9gKv6fQhGkof0nlpv0MZSyvZzAtfVQ-kGlKeGnKn1eftLPF_WZz9fv1hNrBXsDhp_akqGslhCB-zuNpCEIlXRqVKVrqMHVfqLWGFKazjuYuOAozwrbcMy0TfH-lcgDWV1GCIoPkxNjje6YZc-2SSWfdVSK2r&amp;__tn__=-UC%2CP-R\"><strong>Revista Alcaldesas MX<\/strong><\/a><\/p>\n","protected":false},"excerpt":{"rendered":"<p>#ECONOM\u00cdA.- Como parte de las acciones para reactivar la econom\u00eda y apoyar a las micro, peque\u00f1as y medianas empresas (mipymes) afectadas por el hurac\u00e1n Otis en Acapulco y Coyuca de Ben\u00edtez, el subsecretario de Comercio Exterior de la Secretar\u00eda de Econom\u00eda, Alejandro Encinas N\u00e1jera, y la secretaria de Fomento y<span class=\"more-link\"><a href=\"https:\/\/revistaalcaldesas.mx\/?p=18853\">Continuar leyendo<\/a><\/span><\/p>\n","protected":false},"author":6,"featured_media":18854,"comment_status":"open","ping_status":"open","sticky":false,"template":"","format":"standard","meta":{"rop_custom_images_group":[],"rop_custom_messages_group":[],"rop_publish_now":"yes","rop_publish_now_accounts":{"facebook_540786660636400_100634987996574":""},"rop_publish_now_history":[],"rop_publish_now_status":"pending","footnotes":""},"categories":[32],"tags":[826,725,726,723],"class_list":["entry","author-difusion","post-18853","post","type-post","status-publish","format-standard","has-post-thumbnail","category-secretarias-de-gobierno","tag-economia","tag-enterate","tag-ultima-hora","tag-ultimas-noticias"],"_links":{"self":[{"href":"https:\/\/revistaalcaldesas.mx\/index.php?rest_route=\/wp\/v2\/posts\/18853","targetHints":{"allow":["GET"]}}],"collection":[{"href":"https:\/\/revistaalcaldesas.mx\/index.php?rest_route=\/wp\/v2\/posts"}],"about":[{"href":"https:\/\/revistaalcaldesas.mx\/index.php?rest_route=\/wp\/v2\/types\/post"}],"author":[{"embeddable":true,"href":"https:\/\/revistaalcaldesas.mx\/index.php?rest_route=\/wp\/v2\/users\/6"}],"replies":[{"embeddable":true,"href":"https:\/\/revistaalcaldesas.mx\/index.php?rest_route=%2Fwp%2Fv2%2Fcomments&post=18853"}],"version-history":[{"count":1,"href":"https:\/\/revistaalcaldesas.mx\/index.php?rest_route=\/wp\/v2\/posts\/18853\/revisions"}],"predecessor-version":[{"id":18855,"href":"https:\/\/revistaalcaldesas.mx\/index.php?rest_route=\/wp\/v2\/posts\/18853\/revisions\/18855"}],"wp:featuredmedia":[{"embeddable":true,"href":"https:\/\/revistaalcaldesas.mx\/index.php?rest_route=\/wp\/v2\/media\/18854"}],"wp:attachment":[{"href":"https:\/\/revistaalcaldesas.mx\/index.php?rest_route=%2Fwp%2Fv2%2Fmedia&parent=18853"}],"wp:term":[{"taxonomy":"category","embeddable":true,"href":"https:\/\/revistaalcaldesas.mx\/index.php?rest_route=%2Fwp%2Fv2%2Fcategories&post=18853"},{"taxonomy":"post_tag","embeddable":true,"href":"https:\/\/revistaalcaldesas.mx\/index.php?rest_route=%2Fwp%2Fv2%2Ftags&post=18853"}],"curies":[{"name":"wp","href":"https:\/\/api.w.org\/{rel}","templated":true}]}}