{"id":18907,"date":"2024-05-06T18:41:00","date_gmt":"2024-05-07T00:41:00","guid":{"rendered":"https:\/\/revistaalcaldesas.mx\/?p=18907"},"modified":"2024-07-15T19:17:21","modified_gmt":"2024-07-16T01:17:21","slug":"en-el-edomex-se-consolidan-los-bombarderos-tecamac-a-cuatro-anos-de-su-nacimiento-mejortecamac","status":"publish","type":"post","link":"https:\/\/revistaalcaldesas.mx\/?p=18907","title":{"rendered":"En el Edom\u00e9x, se consolidan los Bombarderos Tec\u00e1mac a cuatro a\u00f1os de su nacimiento \/ @MejorTecamac >>>"},"content":{"rendered":"\n<p><strong>#Tec\u00e1mac, #Edom\u00e9x.-<\/strong> A cuatro a\u00f1os de su nacimiento, los Bombarderos Tec\u00e1mac se han consolidado no s\u00f3lo como un equipo de f\u00fatbol de la tercera fuerza profesional, sino tambi\u00e9n como una organizaci\u00f3n deportiva que cuenta ya con 20 filiales y casi dos mil jugadores en sus diversas categor\u00edas.<\/p>\n\n\n\n<p>El crecimiento y los buenos resultados han ido de la mano con la visi\u00f3n de las autoridades municipales de impulsar el deporte, por lo que el 7 de julio del 2020 se lanz\u00f3 la convocatoria para crear un equipo en la Tercera Divisi\u00f3n Profesional.<\/p>\n\n\n\n<p>Uno de los prop\u00f3sitos fue fortalecer la identidad tecamaquense en el \u00e1mbito deportivo, pero tambi\u00e9n motivar a los j\u00f3venes con talento a conformar este conjunto, que en apenas cuatro a\u00f1os ha logrado llegar a una final en el torneo 2022-23.<\/p>\n\n\n\n<p>Tambi\u00e9n se cre\u00f3 el equipo de futbol femenil Bombarderas de Tec\u00e1mac, que tambi\u00e9n han tenido una destacada participaci\u00f3n en la segunda divisi\u00f3n de la Liga Mexicana de F\u00fatbol Femenil, en la que consiguieron un subcampeonato en el 2021.<\/p>\n\n\n\n<p>La buena aceptaci\u00f3n entre los j\u00f3venes futbolistas del municipio se reflej\u00f3 que para el 2 de octubre de 2020, ya se ten\u00edan conformados dos equipos piloto que eventualmente formar\u00edan parte de la cuarta divisi\u00f3n Premier y la cuarta divisi\u00f3n B.<\/p>\n\n\n\n<p>Durante el primer a\u00f1o, se continu\u00f3 con el reclutamiento de jugadores que son fundamentales para el equipo principal en la TDP, incluyendo la formaci\u00f3n de la categor\u00eda sub 15.<\/p>\n\n\n\n<p><strong>#RevistaAlcaldesasMX &#8211;<\/strong> <a href=\"https:\/\/www.facebook.com\/ReAlcaldesasMX\/?__cft__%5b0%5d=AZWCUCopFg6uwR0bar1lA5XOJDPQGbidw7wMESZ9jhjdgQV18UtYzQs5AhW_9gKv6fQhGkof0nlpv0MZSyvZzAtfVQ-kGlKeGnKn1eftLPF_WZz9fv1hNrBXsDhp_akqGslhCB-zuNpCEIlXRqVKVrqMHVfqLWGFKazjuYuOAozwrbcMy0TfH-lcgDWV1GCIoPkxNjje6YZc-2SSWfdVSK2r&amp;__tn__=-UC%2CP-R\"><strong>Revista Alcaldesas MX<\/strong><\/a><\/p>\n","protected":false},"excerpt":{"rendered":"<p>#Tec\u00e1mac, #Edom\u00e9x.- A cuatro a\u00f1os de su nacimiento, los Bombarderos Tec\u00e1mac se han consolidado no s\u00f3lo como un equipo de f\u00fatbol de la tercera fuerza profesional, sino tambi\u00e9n como una organizaci\u00f3n deportiva que cuenta ya con 20 filiales y casi dos mil jugadores en sus diversas categor\u00edas. El crecimiento y<span class=\"more-link\"><a href=\"https:\/\/revistaalcaldesas.mx\/?p=18907\">Continuar leyendo<\/a><\/span><\/p>\n","protected":false},"author":5,"featured_media":18908,"comment_status":"open","ping_status":"open","sticky":false,"template":"","format":"standard","meta":{"rop_custom_images_group":[],"rop_custom_messages_group":[],"rop_publish_now":"initial","rop_publish_now_accounts":{"facebook_540786660636400_100634987996574":""},"rop_publish_now_history":[],"rop_publish_now_status":"pending","footnotes":""},"categories":[1113],"tags":[725,73,726,723],"class_list":["entry","author-katiamichelramirez","post-18907","post","type-post","status-publish","format-standard","has-post-thumbnail","category-municipios-2","tag-enterate","tag-tecamac","tag-ultima-hora","tag-ultimas-noticias"],"_links":{"self":[{"href":"https:\/\/revistaalcaldesas.mx\/index.php?rest_route=\/wp\/v2\/posts\/18907","targetHints":{"allow":["GET"]}}],"collection":[{"href":"https:\/\/revistaalcaldesas.mx\/index.php?rest_route=\/wp\/v2\/posts"}],"about":[{"href":"https:\/\/revistaalcaldesas.mx\/index.php?rest_route=\/wp\/v2\/types\/post"}],"author":[{"embeddable":true,"href":"https:\/\/revistaalcaldesas.mx\/index.php?rest_route=\/wp\/v2\/users\/5"}],"replies":[{"embeddable":true,"href":"https:\/\/revistaalcaldesas.mx\/index.php?rest_route=%2Fwp%2Fv2%2Fcomments&post=18907"}],"version-history":[{"count":1,"href":"https:\/\/revistaalcaldesas.mx\/index.php?rest_route=\/wp\/v2\/posts\/18907\/revisions"}],"predecessor-version":[{"id":18909,"href":"https:\/\/revistaalcaldesas.mx\/index.php?rest_route=\/wp\/v2\/posts\/18907\/revisions\/18909"}],"wp:featuredmedia":[{"embeddable":true,"href":"https:\/\/revistaalcaldesas.mx\/index.php?rest_route=\/wp\/v2\/media\/18908"}],"wp:attachment":[{"href":"https:\/\/revistaalcaldesas.mx\/index.php?rest_route=%2Fwp%2Fv2%2Fmedia&parent=18907"}],"wp:term":[{"taxonomy":"category","embeddable":true,"href":"https:\/\/revistaalcaldesas.mx\/index.php?rest_route=%2Fwp%2Fv2%2Fcategories&post=18907"},{"taxonomy":"post_tag","embeddable":true,"href":"https:\/\/revistaalcaldesas.mx\/index.php?rest_route=%2Fwp%2Fv2%2Ftags&post=18907"}],"curies":[{"name":"wp","href":"https:\/\/api.w.org\/{rel}","templated":true}]}}