{"id":18919,"date":"2024-07-12T19:02:22","date_gmt":"2024-07-13T01:02:22","guid":{"rendered":"https:\/\/revistaalcaldesas.mx\/?p=18919"},"modified":"2024-07-12T19:02:24","modified_gmt":"2024-07-13T01:02:24","slug":"en-baja-california-festejan-a-tijuana-con-las-mananitas-por-su-135-aniversario-gobtijuanamx","status":"publish","type":"post","link":"https:\/\/revistaalcaldesas.mx\/?p=18919","title":{"rendered":"En Baja California, festejan a Tijuana con las ma\u00f1anitas por su 135 aniversario \/ @gobtijuanamx >>>"},"content":{"rendered":"\n<p><strong>#Tijuana, #B.C.-<\/strong> Familias tijuanenses se congregaron en el Parque Teniente Guerrero para disfrutar de una verbena popular y entonar las tradicionales \u00abMa\u00f1anitas\u00bb a Tijuana por el 135 aniversario de su fundaci\u00f3n.<\/p>\n\n\n\n<p>La noche del mi\u00e9rcoles, dos horas antes de celebrarse el 135 aniversario de Tijuana, cientos de personas, entre autoridades locales, organismos de la sociedad civil y familias fundadoras, se reunieron en el Parque Teniente Guerrero para celebrar la historia de esta ciudad joven y prodigiosa, que recibe con las puertas abiertas e igualdad de oportunidades para todos.<\/p>\n\n\n\n<p>En representaci\u00f3n de la alcaldesa Montserrat Caballero Ram\u00edrez, el director de Comunicaci\u00f3n Social y Relaciones P\u00fablicas del XXIV Ayuntamiento, Miguel \u00c1ngel Torres Ponce, destac\u00f3 que gracias a la coordinaci\u00f3n interinstitucional y con la sociedad civil, es posible habilitar espacios p\u00fablicos como \u00e9ste para la convivencia y celebraci\u00f3n de nuestra ciudad.<\/p>\n\n\n\n<p>\u00abLa alcaldesa nos ha pedido que nos sumemos a la defensa de la imagen de la ciudad, no basta solo quererla porque Tijuana nos lo ha dado todo; no podemos dejarla en manos de quienes le hacen da\u00f1o, necesitamos defenderla desde el n\u00facleo familiar y que siga siendo la Tijuana que todos queremos\u00bb, manifest\u00f3.<\/p>\n\n\n\n<p><strong>#RevistaAlcaldesasMX &#8211;<\/strong> <a href=\"https:\/\/www.facebook.com\/ReAlcaldesasMX\/?__cft__%5b0%5d=AZWCUCopFg6uwR0bar1lA5XOJDPQGbidw7wMESZ9jhjdgQV18UtYzQs5AhW_9gKv6fQhGkof0nlpv0MZSyvZzAtfVQ-kGlKeGnKn1eftLPF_WZz9fv1hNrBXsDhp_akqGslhCB-zuNpCEIlXRqVKVrqMHVfqLWGFKazjuYuOAozwrbcMy0TfH-lcgDWV1GCIoPkxNjje6YZc-2SSWfdVSK2r&amp;__tn__=-UC%2CP-R\"><strong>Revista Alcaldesas MX<\/strong><\/a><\/p>\n","protected":false},"excerpt":{"rendered":"<p>#Tijuana, #B.C.- Familias tijuanenses se congregaron en el Parque Teniente Guerrero para disfrutar de una verbena popular y entonar las tradicionales \u00abMa\u00f1anitas\u00bb a Tijuana por el 135 aniversario de su fundaci\u00f3n. La noche del mi\u00e9rcoles, dos horas antes de celebrarse el 135 aniversario de Tijuana, cientos de personas, entre autoridades<span class=\"more-link\"><a href=\"https:\/\/revistaalcaldesas.mx\/?p=18919\">Continuar leyendo<\/a><\/span><\/p>\n","protected":false},"author":6,"featured_media":18920,"comment_status":"open","ping_status":"open","sticky":false,"template":"","format":"standard","meta":{"rop_custom_images_group":[],"rop_custom_messages_group":[],"rop_publish_now":"yes","rop_publish_now_accounts":{"facebook_540786660636400_100634987996574":""},"rop_publish_now_history":[],"rop_publish_now_status":"pending","footnotes":""},"categories":[28],"tags":[1022,725,726,723],"class_list":["entry","author-difusion","post-18919","post","type-post","status-publish","format-standard","has-post-thumbnail","category-alcaldesa-sobresaliente","tag-ayuntamiento-de-tijuana","tag-enterate","tag-ultima-hora","tag-ultimas-noticias"],"_links":{"self":[{"href":"https:\/\/revistaalcaldesas.mx\/index.php?rest_route=\/wp\/v2\/posts\/18919","targetHints":{"allow":["GET"]}}],"collection":[{"href":"https:\/\/revistaalcaldesas.mx\/index.php?rest_route=\/wp\/v2\/posts"}],"about":[{"href":"https:\/\/revistaalcaldesas.mx\/index.php?rest_route=\/wp\/v2\/types\/post"}],"author":[{"embeddable":true,"href":"https:\/\/revistaalcaldesas.mx\/index.php?rest_route=\/wp\/v2\/users\/6"}],"replies":[{"embeddable":true,"href":"https:\/\/revistaalcaldesas.mx\/index.php?rest_route=%2Fwp%2Fv2%2Fcomments&post=18919"}],"version-history":[{"count":1,"href":"https:\/\/revistaalcaldesas.mx\/index.php?rest_route=\/wp\/v2\/posts\/18919\/revisions"}],"predecessor-version":[{"id":18921,"href":"https:\/\/revistaalcaldesas.mx\/index.php?rest_route=\/wp\/v2\/posts\/18919\/revisions\/18921"}],"wp:featuredmedia":[{"embeddable":true,"href":"https:\/\/revistaalcaldesas.mx\/index.php?rest_route=\/wp\/v2\/media\/18920"}],"wp:attachment":[{"href":"https:\/\/revistaalcaldesas.mx\/index.php?rest_route=%2Fwp%2Fv2%2Fmedia&parent=18919"}],"wp:term":[{"taxonomy":"category","embeddable":true,"href":"https:\/\/revistaalcaldesas.mx\/index.php?rest_route=%2Fwp%2Fv2%2Fcategories&post=18919"},{"taxonomy":"post_tag","embeddable":true,"href":"https:\/\/revistaalcaldesas.mx\/index.php?rest_route=%2Fwp%2Fv2%2Ftags&post=18919"}],"curies":[{"name":"wp","href":"https:\/\/api.w.org\/{rel}","templated":true}]}}