{"id":18925,"date":"2024-07-12T19:09:33","date_gmt":"2024-07-13T01:09:33","guid":{"rendered":"https:\/\/revistaalcaldesas.mx\/?p=18925"},"modified":"2024-07-12T19:09:34","modified_gmt":"2024-07-13T01:09:34","slug":"firman-conafe-y-tecnm-acuerdo-en-materia-de-vinculacion-academica-cientifica-y-tecnologica-sep_mx","status":"publish","type":"post","link":"https:\/\/revistaalcaldesas.mx\/?p=18925","title":{"rendered":"Firman Conafe y TecNM acuerdo en materia de vinculaci\u00f3n acad\u00e9mica, cient\u00edfica y tecnol\u00f3gica \/ @SEP_mx >>>"},"content":{"rendered":"\n<p><strong>#SEP.- <\/strong>Con el objetivo de impulsar la formaci\u00f3n y especializaci\u00f3n de figuras educativas del Consejo Nacional de Fomento Educativo (Conafe) y de estudiantes del Tecnol\u00f3gico Nacional de M\u00e9xico (TecNM), en materia de elaboraci\u00f3n de proyectos de investigaci\u00f3n; desarrollo de programas tecnol\u00f3gicos, acad\u00e9micos y asesor\u00edas, intercambio de informaci\u00f3n p\u00fablica e implementaci\u00f3n de modelos de Educaci\u00f3n Dual, ambas instituciones firmaron un convenio de colaboraci\u00f3n.<\/p>\n\n\n\n<p>En un acto celebrado en la sala \u201cRosario Castellanos\u201d del Centro SEP, los directores generales del Conafe y del TecNM coincidieron en destacar la importancia de esta sinergia que promueve la continuidad educativa al ofrecer opciones escolarizadas, no escolarizadas, virtuales y mixtas.<\/p>\n\n\n\n<p>Esta acci\u00f3n es en beneficio de hasta 63 mil figuras educativas de Conafe y hasta 570 mil estudiantes del TecNM.<\/p>\n\n\n\n<p>El director general del Conafe subray\u00f3 que, con este convenio, las figuras educativas tendr\u00e1n acceso a opciones de aprendizaje a distancia y en otras modalidades con rigor acad\u00e9mico como las del TecNM que contribuyen a que el \u201cConafe sea una escala de mejoramiento personal, profesional y econ\u00f3mico, porque de otra manera hubiera sido muy dif\u00edcil tener estos beneficios\u201d.<\/p>\n\n\n\n<p><strong>#RevistaAlcaldesasMX &#8211;<\/strong> <a href=\"https:\/\/www.facebook.com\/ReAlcaldesasMX\/?__cft__%5b0%5d=AZWCUCopFg6uwR0bar1lA5XOJDPQGbidw7wMESZ9jhjdgQV18UtYzQs5AhW_9gKv6fQhGkof0nlpv0MZSyvZzAtfVQ-kGlKeGnKn1eftLPF_WZz9fv1hNrBXsDhp_akqGslhCB-zuNpCEIlXRqVKVrqMHVfqLWGFKazjuYuOAozwrbcMy0TfH-lcgDWV1GCIoPkxNjje6YZc-2SSWfdVSK2r&amp;__tn__=-UC%2CP-R\"><strong>Revista Alcaldesas MX<\/strong><\/a><\/p>\n","protected":false},"excerpt":{"rendered":"<p>#SEP.- Con el objetivo de impulsar la formaci\u00f3n y especializaci\u00f3n de figuras educativas del Consejo Nacional de Fomento Educativo (Conafe) y de estudiantes del Tecnol\u00f3gico Nacional de M\u00e9xico (TecNM), en materia de elaboraci\u00f3n de proyectos de investigaci\u00f3n; desarrollo de programas tecnol\u00f3gicos, acad\u00e9micos y asesor\u00edas, intercambio de informaci\u00f3n p\u00fablica e implementaci\u00f3n<span class=\"more-link\"><a href=\"https:\/\/revistaalcaldesas.mx\/?p=18925\">Continuar leyendo<\/a><\/span><\/p>\n","protected":false},"author":6,"featured_media":18926,"comment_status":"open","ping_status":"open","sticky":false,"template":"","format":"standard","meta":{"rop_custom_images_group":[],"rop_custom_messages_group":[],"rop_publish_now":"yes","rop_publish_now_accounts":{"facebook_540786660636400_100634987996574":""},"rop_publish_now_history":[],"rop_publish_now_status":"pending","footnotes":""},"categories":[32],"tags":[725,232,726,723],"class_list":["entry","author-difusion","post-18925","post","type-post","status-publish","format-standard","has-post-thumbnail","category-secretarias-de-gobierno","tag-enterate","tag-sep","tag-ultima-hora","tag-ultimas-noticias"],"_links":{"self":[{"href":"https:\/\/revistaalcaldesas.mx\/index.php?rest_route=\/wp\/v2\/posts\/18925","targetHints":{"allow":["GET"]}}],"collection":[{"href":"https:\/\/revistaalcaldesas.mx\/index.php?rest_route=\/wp\/v2\/posts"}],"about":[{"href":"https:\/\/revistaalcaldesas.mx\/index.php?rest_route=\/wp\/v2\/types\/post"}],"author":[{"embeddable":true,"href":"https:\/\/revistaalcaldesas.mx\/index.php?rest_route=\/wp\/v2\/users\/6"}],"replies":[{"embeddable":true,"href":"https:\/\/revistaalcaldesas.mx\/index.php?rest_route=%2Fwp%2Fv2%2Fcomments&post=18925"}],"version-history":[{"count":1,"href":"https:\/\/revistaalcaldesas.mx\/index.php?rest_route=\/wp\/v2\/posts\/18925\/revisions"}],"predecessor-version":[{"id":18927,"href":"https:\/\/revistaalcaldesas.mx\/index.php?rest_route=\/wp\/v2\/posts\/18925\/revisions\/18927"}],"wp:featuredmedia":[{"embeddable":true,"href":"https:\/\/revistaalcaldesas.mx\/index.php?rest_route=\/wp\/v2\/media\/18926"}],"wp:attachment":[{"href":"https:\/\/revistaalcaldesas.mx\/index.php?rest_route=%2Fwp%2Fv2%2Fmedia&parent=18925"}],"wp:term":[{"taxonomy":"category","embeddable":true,"href":"https:\/\/revistaalcaldesas.mx\/index.php?rest_route=%2Fwp%2Fv2%2Fcategories&post=18925"},{"taxonomy":"post_tag","embeddable":true,"href":"https:\/\/revistaalcaldesas.mx\/index.php?rest_route=%2Fwp%2Fv2%2Ftags&post=18925"}],"curies":[{"name":"wp","href":"https:\/\/api.w.org\/{rel}","templated":true}]}}