{"id":19095,"date":"2024-08-05T19:27:24","date_gmt":"2024-08-06T01:27:24","guid":{"rendered":"https:\/\/revistaalcaldesas.mx\/?p=19095"},"modified":"2024-08-05T19:27:26","modified_gmt":"2024-08-06T01:27:26","slug":"inician-en-irapuato-guanajuato-cursos-de-verano-en-casa-de-cultura-irapuatogob","status":"publish","type":"post","link":"https:\/\/revistaalcaldesas.mx\/?p=19095","title":{"rendered":"Inician en Irapuato, Guanajuato, cursos de verano en Casa de Cultura \/ @irapuatogob >>>"},"content":{"rendered":"\n<p><strong>#Irapuato, #Gto.-<\/strong> Durante estas vacaciones de verano, ni\u00f1os y ni\u00f1as se divierten mientras aprenden con los cursos de la Casa de la Cultura, que ofrece el Instituto Municipal de Cultura, Arte y Recreaci\u00f3n de Irapuato (IMCAR).<\/p>\n\n\n\n<p>Efr\u00e9n Medina, auxiliar de talleres en la Casa de la Cultura, record\u00f3 que estas actividades ayudan a las y los ni\u00f1os a aprovechar el tiempo durante el periodo vacacional; record\u00f3 que este curso se ofrece a\u00f1o con a\u00f1o.<\/p>\n\n\n\n<p>\u201cPues para nosotros es muy importante tener espacios recreativos para los ni\u00f1os y m\u00e1s ahorita en periodo de vacaciones, ahorita estamos atendiendo 75 ni\u00f1os de 5 a 12 a\u00f1os de edad\u201d, manifest\u00f3.<\/p>\n\n\n\n<p><strong>#RevistaAlcaldesasMX &#8211;<\/strong> <a href=\"https:\/\/www.facebook.com\/ReAlcaldesasMX\/?__cft__%5b0%5d=AZWCUCopFg6uwR0bar1lA5XOJDPQGbidw7wMESZ9jhjdgQV18UtYzQs5AhW_9gKv6fQhGkof0nlpv0MZSyvZzAtfVQ-kGlKeGnKn1eftLPF_WZz9fv1hNrBXsDhp_akqGslhCB-zuNpCEIlXRqVKVrqMHVfqLWGFKazjuYuOAozwrbcMy0TfH-lcgDWV1GCIoPkxNjje6YZc-2SSWfdVSK2r&amp;__tn__=-UC%2CP-R\"><strong>Revista Alcaldesas MX<\/strong><\/a><\/p>\n","protected":false},"excerpt":{"rendered":"<p>#Irapuato, #Gto.- Durante estas vacaciones de verano, ni\u00f1os y ni\u00f1as se divierten mientras aprenden con los cursos de la Casa de la Cultura, que ofrece el Instituto Municipal de Cultura, Arte y Recreaci\u00f3n de Irapuato (IMCAR). Efr\u00e9n Medina, auxiliar de talleres en la Casa de la Cultura, record\u00f3 que estas<span class=\"more-link\"><a href=\"https:\/\/revistaalcaldesas.mx\/?p=19095\">Continuar leyendo<\/a><\/span><\/p>\n","protected":false},"author":6,"featured_media":19096,"comment_status":"open","ping_status":"open","sticky":false,"template":"","format":"standard","meta":{"rop_custom_images_group":[],"rop_custom_messages_group":[],"rop_publish_now":"yes","rop_publish_now_accounts":{"facebook_540786660636400_100634987996574":""},"rop_publish_now_history":[],"rop_publish_now_status":"pending","footnotes":""},"categories":[933],"tags":[725,866,726,723],"class_list":["entry","author-difusion","post-19095","post","type-post","status-publish","format-standard","has-post-thumbnail","category-municipios-destacados-1","tag-enterate","tag-irapuato","tag-ultima-hora","tag-ultimas-noticias"],"_links":{"self":[{"href":"https:\/\/revistaalcaldesas.mx\/index.php?rest_route=\/wp\/v2\/posts\/19095","targetHints":{"allow":["GET"]}}],"collection":[{"href":"https:\/\/revistaalcaldesas.mx\/index.php?rest_route=\/wp\/v2\/posts"}],"about":[{"href":"https:\/\/revistaalcaldesas.mx\/index.php?rest_route=\/wp\/v2\/types\/post"}],"author":[{"embeddable":true,"href":"https:\/\/revistaalcaldesas.mx\/index.php?rest_route=\/wp\/v2\/users\/6"}],"replies":[{"embeddable":true,"href":"https:\/\/revistaalcaldesas.mx\/index.php?rest_route=%2Fwp%2Fv2%2Fcomments&post=19095"}],"version-history":[{"count":1,"href":"https:\/\/revistaalcaldesas.mx\/index.php?rest_route=\/wp\/v2\/posts\/19095\/revisions"}],"predecessor-version":[{"id":19097,"href":"https:\/\/revistaalcaldesas.mx\/index.php?rest_route=\/wp\/v2\/posts\/19095\/revisions\/19097"}],"wp:featuredmedia":[{"embeddable":true,"href":"https:\/\/revistaalcaldesas.mx\/index.php?rest_route=\/wp\/v2\/media\/19096"}],"wp:attachment":[{"href":"https:\/\/revistaalcaldesas.mx\/index.php?rest_route=%2Fwp%2Fv2%2Fmedia&parent=19095"}],"wp:term":[{"taxonomy":"category","embeddable":true,"href":"https:\/\/revistaalcaldesas.mx\/index.php?rest_route=%2Fwp%2Fv2%2Fcategories&post=19095"},{"taxonomy":"post_tag","embeddable":true,"href":"https:\/\/revistaalcaldesas.mx\/index.php?rest_route=%2Fwp%2Fv2%2Ftags&post=19095"}],"curies":[{"name":"wp","href":"https:\/\/api.w.org\/{rel}","templated":true}]}}