{"id":19128,"date":"2024-08-12T19:04:26","date_gmt":"2024-08-13T01:04:26","guid":{"rendered":"https:\/\/revistaalcaldesas.mx\/?p=19128"},"modified":"2024-08-12T19:04:27","modified_gmt":"2024-08-13T01:04:27","slug":"dan-a-conocer-programa-de-desarrollo-urbano-de-tepic-en-nayarit-gobiernodetepic","status":"publish","type":"post","link":"https:\/\/revistaalcaldesas.mx\/?p=19128","title":{"rendered":"Dan a conocer programa de desarrollo urbano de Tepic, en Nayarit \/ @Gobiernodetepic >>>"},"content":{"rendered":"\n<p><strong>#Tepic, #Nay.-<\/strong> Personal del Instituto Municipal de Planeaci\u00f3n de Tepic, dio a conocer a los ejidos de San Cayetano, 6 de Enero y Camich\u00edn de Jauja el Programa Municipal de Ordenamiento Territorial y Desarrollo Urbano de Tepic.<\/p>\n\n\n\n<p>En dichos encuentros se atendieron dudas y se proporcion\u00f3 informaci\u00f3n acerca de la categorizaci\u00f3n e identificaci\u00f3n de \u00e1reas en sus poblados, para potencializarlas y tener entornos sustentables en todo el municipio.<\/p>\n\n\n\n<p><strong>#RevistaAlcaldesasMX &#8211;<\/strong> <a href=\"https:\/\/www.facebook.com\/ReAlcaldesasMX\/?__cft__%5b0%5d=AZWCUCopFg6uwR0bar1lA5XOJDPQGbidw7wMESZ9jhjdgQV18UtYzQs5AhW_9gKv6fQhGkof0nlpv0MZSyvZzAtfVQ-kGlKeGnKn1eftLPF_WZz9fv1hNrBXsDhp_akqGslhCB-zuNpCEIlXRqVKVrqMHVfqLWGFKazjuYuOAozwrbcMy0TfH-lcgDWV1GCIoPkxNjje6YZc-2SSWfdVSK2r&amp;__tn__=-UC%2CP-R\"><strong>Revista Alcaldesas MX<\/strong><\/a><\/p>\n","protected":false},"excerpt":{"rendered":"<p>#Tepic, #Nay.- Personal del Instituto Municipal de Planeaci\u00f3n de Tepic, dio a conocer a los ejidos de San Cayetano, 6 de Enero y Camich\u00edn de Jauja el Programa Municipal de Ordenamiento Territorial y Desarrollo Urbano de Tepic. En dichos encuentros se atendieron dudas y se proporcion\u00f3 informaci\u00f3n acerca de la<span class=\"more-link\"><a href=\"https:\/\/revistaalcaldesas.mx\/?p=19128\">Continuar leyendo<\/a><\/span><\/p>\n","protected":false},"author":6,"featured_media":19129,"comment_status":"open","ping_status":"open","sticky":false,"template":"","format":"standard","meta":{"rop_custom_images_group":[],"rop_custom_messages_group":[],"rop_publish_now":"yes","rop_publish_now_accounts":{"facebook_540786660636400_100634987996574":""},"rop_publish_now_history":[],"rop_publish_now_status":"pending","footnotes":""},"categories":[28],"tags":[725,871,726,723],"class_list":["entry","author-difusion","post-19128","post","type-post","status-publish","format-standard","has-post-thumbnail","category-alcaldesa-sobresaliente","tag-enterate","tag-gobierno-de-tepic","tag-ultima-hora","tag-ultimas-noticias"],"_links":{"self":[{"href":"https:\/\/revistaalcaldesas.mx\/index.php?rest_route=\/wp\/v2\/posts\/19128","targetHints":{"allow":["GET"]}}],"collection":[{"href":"https:\/\/revistaalcaldesas.mx\/index.php?rest_route=\/wp\/v2\/posts"}],"about":[{"href":"https:\/\/revistaalcaldesas.mx\/index.php?rest_route=\/wp\/v2\/types\/post"}],"author":[{"embeddable":true,"href":"https:\/\/revistaalcaldesas.mx\/index.php?rest_route=\/wp\/v2\/users\/6"}],"replies":[{"embeddable":true,"href":"https:\/\/revistaalcaldesas.mx\/index.php?rest_route=%2Fwp%2Fv2%2Fcomments&post=19128"}],"version-history":[{"count":1,"href":"https:\/\/revistaalcaldesas.mx\/index.php?rest_route=\/wp\/v2\/posts\/19128\/revisions"}],"predecessor-version":[{"id":19130,"href":"https:\/\/revistaalcaldesas.mx\/index.php?rest_route=\/wp\/v2\/posts\/19128\/revisions\/19130"}],"wp:featuredmedia":[{"embeddable":true,"href":"https:\/\/revistaalcaldesas.mx\/index.php?rest_route=\/wp\/v2\/media\/19129"}],"wp:attachment":[{"href":"https:\/\/revistaalcaldesas.mx\/index.php?rest_route=%2Fwp%2Fv2%2Fmedia&parent=19128"}],"wp:term":[{"taxonomy":"category","embeddable":true,"href":"https:\/\/revistaalcaldesas.mx\/index.php?rest_route=%2Fwp%2Fv2%2Fcategories&post=19128"},{"taxonomy":"post_tag","embeddable":true,"href":"https:\/\/revistaalcaldesas.mx\/index.php?rest_route=%2Fwp%2Fv2%2Ftags&post=19128"}],"curies":[{"name":"wp","href":"https:\/\/api.w.org\/{rel}","templated":true}]}}