{"id":19393,"date":"2024-09-25T18:58:58","date_gmt":"2024-09-26T00:58:58","guid":{"rendered":"https:\/\/revistaalcaldesas.mx\/?p=19393"},"modified":"2024-09-25T18:58:59","modified_gmt":"2024-09-26T00:58:59","slug":"refuerzan-el-operativo-todos-contra-el-dengue-en-tepic-y-municipios-cercanos-gobiernodetepic","status":"publish","type":"post","link":"https:\/\/revistaalcaldesas.mx\/?p=19393","title":{"rendered":"Refuerzan el operativo \u201cTodos contra el Dengue\u201d en Tepic y municipios cercanos \/  @Gobiernodetepic >>>"},"content":{"rendered":"\n<p><strong>#Tepic, #Nay.-<\/strong> El gobernador del estado, Miguel \u00c1ngel Navarro Quintero y la secretaria de Salud en Nayarit, Beatriz Ruiz Huerta, y el coordinador de CENAPRECE, Pedro Gonz\u00e1lez Santamar\u00eda, llevaron a cabo el arranque del operativo de reforzamiento de la lucha contra el Dengue, en los municipios de Tepic, Tuxpan, Santiago Ixcuintla, Xalisco y Bah\u00eda de Banderas.<\/p>\n\n\n\n<p>En su mensaje, el mandatario nayarita, hizo un llamado a la poblaci\u00f3n a que se sume a este gran esfuerzo, limpiando sus patios y descacharrizando todos los hogares nayaritas, enfatiz\u00f3 que juntos se puede frenar el avance del Dengue y proteger lo m\u00e1s valioso que es la salud de las familias.<\/p>\n\n\n\n<p>\u201cAparte de la atenci\u00f3n curativa que debemos estar al tanto permanentemente, la atenci\u00f3n de prevenci\u00f3n y de combate que tiene la Secretar\u00eda de Salud de manera muy particular. Vayamos para adelante. Vayamos invitando a la sociedad que se multiplique y se sume m\u00e1s. Estemos sobreponi\u00e9ndonos al esfuerzo, que ya estamos haciendo. Veamos que la \u00e9poca de lluvias no cede y de huracanes, y que habremos de seguir teniendo lluvias y, en consecuencia, riesgos. Pero tendr\u00e1n en el gobierno del estado y particularmente en la sociedad y en los trabajadores de la salud, firmes combatientes para tratar de proteger de la enfermedad, que no se diga de la mortalidad de este terrible virus que se nos est\u00e1 presentando. Es el serotipo 3, es el que nos ha tra\u00eddo nuevas formas cl\u00ednicas de presentaci\u00f3n. De Dengue hemorr\u00e1gico pasamos a Dengue grave. Hoy en d\u00eda estamos en situaciones muy graves, particularmente los ni\u00f1os y ni\u00f1as de 10 a 14 a\u00f1os de edad. Por el bien de la salud de los nayaritas, adelante. Un\u00e1monos sociedades y gobierno y enfrentemos este terrible mal\u201d, reiter\u00f3 el mandatario nayarita.<\/p>\n\n\n\n<p><strong>#RevistaAlcaldesasMX &#8211;<\/strong> <a href=\"https:\/\/www.facebook.com\/ReAlcaldesasMX\/?__cft__%5b0%5d=AZWCUCopFg6uwR0bar1lA5XOJDPQGbidw7wMESZ9jhjdgQV18UtYzQs5AhW_9gKv6fQhGkof0nlpv0MZSyvZzAtfVQ-kGlKeGnKn1eftLPF_WZz9fv1hNrBXsDhp_akqGslhCB-zuNpCEIlXRqVKVrqMHVfqLWGFKazjuYuOAozwrbcMy0TfH-lcgDWV1GCIoPkxNjje6YZc-2SSWfdVSK2r&amp;__tn__=-UC%2CP-R\"><strong>Revista Alcaldesas MX<\/strong><\/a><\/p>\n","protected":false},"excerpt":{"rendered":"<p>#Tepic, #Nay.- El gobernador del estado, Miguel \u00c1ngel Navarro Quintero y la secretaria de Salud en Nayarit, Beatriz Ruiz Huerta, y el coordinador de CENAPRECE, Pedro Gonz\u00e1lez Santamar\u00eda, llevaron a cabo el arranque del operativo de reforzamiento de la lucha contra el Dengue, en los municipios de Tepic, Tuxpan, Santiago<span class=\"more-link\"><a href=\"https:\/\/revistaalcaldesas.mx\/?p=19393\">Continuar leyendo<\/a><\/span><\/p>\n","protected":false},"author":6,"featured_media":19394,"comment_status":"open","ping_status":"open","sticky":false,"template":"","format":"standard","meta":{"rop_custom_images_group":[],"rop_custom_messages_group":[],"rop_publish_now":"yes","rop_publish_now_accounts":{"facebook_540786660636400_100634987996574":""},"rop_publish_now_history":[],"rop_publish_now_status":"pending","footnotes":""},"categories":[28],"tags":[725,871,726,723],"class_list":["entry","author-difusion","post-19393","post","type-post","status-publish","format-standard","has-post-thumbnail","category-alcaldesa-sobresaliente","tag-enterate","tag-gobierno-de-tepic","tag-ultima-hora","tag-ultimas-noticias"],"_links":{"self":[{"href":"https:\/\/revistaalcaldesas.mx\/index.php?rest_route=\/wp\/v2\/posts\/19393","targetHints":{"allow":["GET"]}}],"collection":[{"href":"https:\/\/revistaalcaldesas.mx\/index.php?rest_route=\/wp\/v2\/posts"}],"about":[{"href":"https:\/\/revistaalcaldesas.mx\/index.php?rest_route=\/wp\/v2\/types\/post"}],"author":[{"embeddable":true,"href":"https:\/\/revistaalcaldesas.mx\/index.php?rest_route=\/wp\/v2\/users\/6"}],"replies":[{"embeddable":true,"href":"https:\/\/revistaalcaldesas.mx\/index.php?rest_route=%2Fwp%2Fv2%2Fcomments&post=19393"}],"version-history":[{"count":1,"href":"https:\/\/revistaalcaldesas.mx\/index.php?rest_route=\/wp\/v2\/posts\/19393\/revisions"}],"predecessor-version":[{"id":19395,"href":"https:\/\/revistaalcaldesas.mx\/index.php?rest_route=\/wp\/v2\/posts\/19393\/revisions\/19395"}],"wp:featuredmedia":[{"embeddable":true,"href":"https:\/\/revistaalcaldesas.mx\/index.php?rest_route=\/wp\/v2\/media\/19394"}],"wp:attachment":[{"href":"https:\/\/revistaalcaldesas.mx\/index.php?rest_route=%2Fwp%2Fv2%2Fmedia&parent=19393"}],"wp:term":[{"taxonomy":"category","embeddable":true,"href":"https:\/\/revistaalcaldesas.mx\/index.php?rest_route=%2Fwp%2Fv2%2Fcategories&post=19393"},{"taxonomy":"post_tag","embeddable":true,"href":"https:\/\/revistaalcaldesas.mx\/index.php?rest_route=%2Fwp%2Fv2%2Ftags&post=19393"}],"curies":[{"name":"wp","href":"https:\/\/api.w.org\/{rel}","templated":true}]}}