{"id":20059,"date":"2024-12-30T19:28:19","date_gmt":"2024-12-31T01:28:19","guid":{"rendered":"https:\/\/revistaalcaldesas.mx\/?p=20059"},"modified":"2024-12-30T19:28:20","modified_gmt":"2024-12-31T01:28:20","slug":"en-sonora-recibe-dif-guaymas-equipo-para-el-fortalecimiento-de-la-ubr-somos_guaymas","status":"publish","type":"post","link":"https:\/\/revistaalcaldesas.mx\/?p=20059","title":{"rendered":"En Sonora, recibe DIF Guaymas equipo para el fortalecimiento de la UBR \/ @Somos_Guaymas >>>"},"content":{"rendered":"\n<p><strong>#Guaymas, #Son.- <\/strong>Gracias al apoyo de DIF Sonora y el Gobierno del Estado, DIF Guaymas recibi\u00f3 equipo combinado de ultrasonido y electroterapia, mismo que representa un importante avance para el crecimiento de la Unidad B\u00e1sica de Rehabilitaci\u00f3n (UBR).<\/p>\n\n\n\n<p>Este combo terap\u00e9utico combina ultrasonido y electroterapia en un solo dispositivo, ofreciendo una soluci\u00f3n integral para el tratamiento de <a><\/a>diversas condiciones musculoesquel\u00e9ticas; adem\u00e1s, cuenta con su interfaz intuitiva y variedad de modos terap\u00e9uticos, permite personalizar tratamientos, mejorar la recuperaci\u00f3n, reducir el dolor y aumentar la movilidad de los pacientes.<\/p>\n\n\n\n<p>Con este equipo, se podr\u00e1 incrementar la atenci\u00f3n de pacientes que necesitan rehabilitaci\u00f3n para recuperar su movilidad, mejorando significativamente su calidad de vida.<\/p>\n\n\n\n<p>La entrega oficial fue realizada por la Licenciada Lizeth Teresita V\u00e1squez Ochoa, Directora General del DIF Sonora y el doctor F\u00e9lix Hilario Higuera Romero, Director de Atenci\u00f3n a Personas con Discapacidad.<\/p>\n\n\n\n<p>Durante esta entrega, Alma Delia Guerrero, Directora General del DIF Guaymas, agradeci\u00f3 este apoyo que permitir\u00e1 seguir sirviendo a nuestra comunidad con mayor alcance y calidad.<\/p>\n\n\n\n<p><strong>#RevistaAlcaldesasMX &#8211;<\/strong> <a href=\"https:\/\/www.facebook.com\/ReAlcaldesasMX\/?__cft__%5b0%5d=AZWCUCopFg6uwR0bar1lA5XOJDPQGbidw7wMESZ9jhjdgQV18UtYzQs5AhW_9gKv6fQhGkof0nlpv0MZSyvZzAtfVQ-kGlKeGnKn1eftLPF_WZz9fv1hNrBXsDhp_akqGslhCB-zuNpCEIlXRqVKVrqMHVfqLWGFKazjuYuOAozwrbcMy0TfH-lcgDWV1GCIoPkxNjje6YZc-2SSWfdVSK2r&amp;__tn__=-UC%2CP-R\"><strong>Revista Alcaldesas MX<\/strong><\/a><\/p>\n","protected":false},"excerpt":{"rendered":"<p>#Guaymas, #Son.- Gracias al apoyo de DIF Sonora y el Gobierno del Estado, DIF Guaymas recibi\u00f3 equipo combinado de ultrasonido y electroterapia, mismo que representa un importante avance para el crecimiento de la Unidad B\u00e1sica de Rehabilitaci\u00f3n (UBR). Este combo terap\u00e9utico combina ultrasonido y electroterapia en un solo dispositivo, ofreciendo<span class=\"more-link\"><a href=\"https:\/\/revistaalcaldesas.mx\/?p=20059\">Continuar leyendo<\/a><\/span><\/p>\n","protected":false},"author":6,"featured_media":20060,"comment_status":"open","ping_status":"open","sticky":false,"template":"","format":"standard","meta":{"rop_custom_images_group":[],"rop_custom_messages_group":[],"rop_publish_now":"yes","rop_publish_now_accounts":{"facebook_540786660636400_100634987996574":""},"rop_publish_now_history":[],"rop_publish_now_status":"pending","footnotes":""},"categories":[933],"tags":[725,1071,726,723],"class_list":["entry","author-difusion","post-20059","post","type-post","status-publish","format-standard","has-post-thumbnail","category-municipios-destacados-1","tag-enterate","tag-h-ayuntamiento-de-guaymas-2021-2024","tag-ultima-hora","tag-ultimas-noticias"],"_links":{"self":[{"href":"https:\/\/revistaalcaldesas.mx\/index.php?rest_route=\/wp\/v2\/posts\/20059","targetHints":{"allow":["GET"]}}],"collection":[{"href":"https:\/\/revistaalcaldesas.mx\/index.php?rest_route=\/wp\/v2\/posts"}],"about":[{"href":"https:\/\/revistaalcaldesas.mx\/index.php?rest_route=\/wp\/v2\/types\/post"}],"author":[{"embeddable":true,"href":"https:\/\/revistaalcaldesas.mx\/index.php?rest_route=\/wp\/v2\/users\/6"}],"replies":[{"embeddable":true,"href":"https:\/\/revistaalcaldesas.mx\/index.php?rest_route=%2Fwp%2Fv2%2Fcomments&post=20059"}],"version-history":[{"count":1,"href":"https:\/\/revistaalcaldesas.mx\/index.php?rest_route=\/wp\/v2\/posts\/20059\/revisions"}],"predecessor-version":[{"id":20061,"href":"https:\/\/revistaalcaldesas.mx\/index.php?rest_route=\/wp\/v2\/posts\/20059\/revisions\/20061"}],"wp:featuredmedia":[{"embeddable":true,"href":"https:\/\/revistaalcaldesas.mx\/index.php?rest_route=\/wp\/v2\/media\/20060"}],"wp:attachment":[{"href":"https:\/\/revistaalcaldesas.mx\/index.php?rest_route=%2Fwp%2Fv2%2Fmedia&parent=20059"}],"wp:term":[{"taxonomy":"category","embeddable":true,"href":"https:\/\/revistaalcaldesas.mx\/index.php?rest_route=%2Fwp%2Fv2%2Fcategories&post=20059"},{"taxonomy":"post_tag","embeddable":true,"href":"https:\/\/revistaalcaldesas.mx\/index.php?rest_route=%2Fwp%2Fv2%2Ftags&post=20059"}],"curies":[{"name":"wp","href":"https:\/\/api.w.org\/{rel}","templated":true}]}}