{"id":20402,"date":"2025-01-12T16:30:00","date_gmt":"2025-01-12T22:30:00","guid":{"rendered":"https:\/\/revistaalcaldesas.mx\/?p=20402"},"modified":"2025-02-13T17:21:14","modified_gmt":"2025-02-13T23:21:14","slug":"en-el-edomex-anuncia-alcaldesa-de-tecamac-fechas-del-festival-atmosfera-mejortecamac","status":"publish","type":"post","link":"https:\/\/revistaalcaldesas.mx\/?p=20402","title":{"rendered":"En el Edom\u00e9x, anuncia alcaldesa de Tec\u00e1mac fechas del Festival Atm\u00f3sfera \/ @MejorTecamac >>>"},"content":{"rendered":"\n<p><strong>#Tec\u00e1mac, #Edom\u00e9x.-<\/strong> El pr\u00f3ximo 15 de marzo dar\u00e1 inicio el Festival Atm\u00f3sfera, que instituy\u00f3 el Gobierno de Tec\u00e1mac desde el 2022 con motivo de la inauguraci\u00f3n del Aeropuerto Internacional Felipe \u00c1ngeles (AIFA), y que en esta ocasi\u00f3n tendr\u00e1 como invitado especial a la Fuerza A\u00e9rea Mexicana.<\/p>\n\n\n\n<p>\u201cMe siento muy entusiasmada de compartirles que en conmemoraci\u00f3n del 3er. Aniversario de la inauguraci\u00f3n del AIFA y del Bicentenario de Tec\u00e1mac, ya tenemos fecha para el IV Festival Atm\u00f3sfera, evento art\u00edstico y cultural que ya se ha consolidado a nivel nacional\u201d, dijo la alcaldesa Rosa Yolanda Wong Romero.<\/p>\n\n\n\n<p>Dio a conocer que adem\u00e1s de incre\u00edbles conciertos, se tendr\u00e1n&nbsp; actividades culturales, art\u00edsticas, gastron\u00f3micas e infantiles para el disfrute de todas las familias tecamaquenses.<\/p>\n\n\n\n<p>Esta IV edici\u00f3n se desarrollar\u00e1 en dos etapas y en dos diferentes sedes, para dar un mayor realce y que un mayor n\u00famero de personas puedan disfrutar de grandes espect\u00e1culos y eventos art\u00edsticos totalmente gratis.<\/p>\n\n\n\n<p>El festival, que ya se ha consolidado a nivel nacional y es considerado como el mejor de la regi\u00f3n, comenzar\u00e1 en el Parque Lineal de Los H\u00e9roes Tec\u00e1mac los d\u00edas 15 y 16 de marzo.<\/p>\n\n\n\n<p>Para el siguiente fin de semana (21, 22 y 23 de marzo) el magno evento tendr\u00e1 lugar en el Parque Ecol\u00f3gico y Deportivo Sierra Hermosa.<\/p>\n\n\n\n<p>Atm\u00f3sfera inici\u00f3 en la administraci\u00f3n de la entonces presidenta municipal y actual senadora, Mariela Guti\u00e9rrez Escalante, Festival en el que han participado grupos y cantantes de talla nacional e internacional.<\/p>\n\n\n\n<p>En el 2024 miles de tecamaquenses y de municipios vecinos se deleitaron con la presencia de Jesse y Joy, Los Caligaris, Paulina Rubio, Vecindad Santanera, la Arrolladora Banda El Lim\u00f3n, Mi Banda el Mexicano, as\u00ed como Polymarch, entre otros.<\/p>\n\n\n\n<p>En los pr\u00f3ximos d\u00edas se concluir\u00e1 el programa de las presentaciones de los grupos musicales y de los grandes artistas.<\/p>\n\n\n\n<p><strong>#RevistaAlcaldesasMX &#8211;<\/strong> <a href=\"https:\/\/www.facebook.com\/ReAlcaldesasMX\/?__cft__%5b0%5d=AZWCUCopFg6uwR0bar1lA5XOJDPQGbidw7wMESZ9jhjdgQV18UtYzQs5AhW_9gKv6fQhGkof0nlpv0MZSyvZzAtfVQ-kGlKeGnKn1eftLPF_WZz9fv1hNrBXsDhp_akqGslhCB-zuNpCEIlXRqVKVrqMHVfqLWGFKazjuYuOAozwrbcMy0TfH-lcgDWV1GCIoPkxNjje6YZc-2SSWfdVSK2r&amp;__tn__=-UC%2CP-R\"><strong>Revista Alcaldesas MX<\/strong><\/a><\/p>\n","protected":false},"excerpt":{"rendered":"<p>#Tec\u00e1mac, #Edom\u00e9x.- El pr\u00f3ximo 15 de marzo dar\u00e1 inicio el Festival Atm\u00f3sfera, que instituy\u00f3 el Gobierno de Tec\u00e1mac desde el 2022 con motivo de la inauguraci\u00f3n del Aeropuerto Internacional Felipe \u00c1ngeles (AIFA), y que en esta ocasi\u00f3n tendr\u00e1 como invitado especial a la Fuerza A\u00e9rea Mexicana. \u201cMe siento muy entusiasmada<span class=\"more-link\"><a href=\"https:\/\/revistaalcaldesas.mx\/?p=20402\">Continuar leyendo<\/a><\/span><\/p>\n","protected":false},"author":5,"featured_media":20403,"comment_status":"open","ping_status":"open","sticky":false,"template":"","format":"standard","meta":{"rop_custom_images_group":[],"rop_custom_messages_group":[],"rop_publish_now":"initial","rop_publish_now_accounts":{"facebook_540786660636400_100634987996574":""},"rop_publish_now_history":[],"rop_publish_now_status":"pending","footnotes":""},"categories":[1113],"tags":[725,1124,73,726,723],"class_list":["entry","author-katiamichelramirez","post-20402","post","type-post","status-publish","format-standard","has-post-thumbnail","category-municipios-2","tag-enterate","tag-rosi-wong","tag-tecamac","tag-ultima-hora","tag-ultimas-noticias"],"_links":{"self":[{"href":"https:\/\/revistaalcaldesas.mx\/index.php?rest_route=\/wp\/v2\/posts\/20402","targetHints":{"allow":["GET"]}}],"collection":[{"href":"https:\/\/revistaalcaldesas.mx\/index.php?rest_route=\/wp\/v2\/posts"}],"about":[{"href":"https:\/\/revistaalcaldesas.mx\/index.php?rest_route=\/wp\/v2\/types\/post"}],"author":[{"embeddable":true,"href":"https:\/\/revistaalcaldesas.mx\/index.php?rest_route=\/wp\/v2\/users\/5"}],"replies":[{"embeddable":true,"href":"https:\/\/revistaalcaldesas.mx\/index.php?rest_route=%2Fwp%2Fv2%2Fcomments&post=20402"}],"version-history":[{"count":2,"href":"https:\/\/revistaalcaldesas.mx\/index.php?rest_route=\/wp\/v2\/posts\/20402\/revisions"}],"predecessor-version":[{"id":20405,"href":"https:\/\/revistaalcaldesas.mx\/index.php?rest_route=\/wp\/v2\/posts\/20402\/revisions\/20405"}],"wp:featuredmedia":[{"embeddable":true,"href":"https:\/\/revistaalcaldesas.mx\/index.php?rest_route=\/wp\/v2\/media\/20403"}],"wp:attachment":[{"href":"https:\/\/revistaalcaldesas.mx\/index.php?rest_route=%2Fwp%2Fv2%2Fmedia&parent=20402"}],"wp:term":[{"taxonomy":"category","embeddable":true,"href":"https:\/\/revistaalcaldesas.mx\/index.php?rest_route=%2Fwp%2Fv2%2Fcategories&post=20402"},{"taxonomy":"post_tag","embeddable":true,"href":"https:\/\/revistaalcaldesas.mx\/index.php?rest_route=%2Fwp%2Fv2%2Ftags&post=20402"}],"curies":[{"name":"wp","href":"https:\/\/api.w.org\/{rel}","templated":true}]}}