{"id":20431,"date":"2025-02-15T19:41:08","date_gmt":"2025-02-16T01:41:08","guid":{"rendered":"https:\/\/revistaalcaldesas.mx\/?p=20431"},"modified":"2025-02-15T19:41:10","modified_gmt":"2025-02-16T01:41:10","slug":"llega-claudia-sheinbaum-a-veracruz-para-iniciar-gira-de-trabajo-por-la-entidad-ayuntamientover","status":"publish","type":"post","link":"https:\/\/revistaalcaldesas.mx\/?p=20431","title":{"rendered":"Llega Claudia Sheinbaum a Veracruz para iniciar gira de trabajo por la entidad \/ @AyuntamientoVer >>>"},"content":{"rendered":"\n<p><strong>#Veracruz, #Ver.-<\/strong> La gobernadora de Veracruz, Roc\u00edo Nahle Garc\u00eda, recibi\u00f3 con gran calidez a la presidenta de M\u00e9xico, Claudia Sheinbaum Pardo, en el Aeropuerto Internacional Heriberto Jara Corona. Este evento marc\u00f3 el inicio de una gira de trabajo de tres d\u00edas que la mandataria federal llevar\u00e1 a cabo por varios municipios de la zona centro y norte del estado.<\/p>\n\n\n\n<p>Durante su visita, Sheinbaum Pardo recorrer\u00e1 diversas localidades para conocer de primera mano las necesidades y avances en materia de infraestructura, desarrollo social y proyectos productivos. La gira tiene como objetivo fortalecer la relaci\u00f3n entre los gobiernos federal y estatal, as\u00ed como promover el bienestar de los veracruzanos.<\/p>\n\n\n\n<p>La gobernadora Nahle Garc\u00eda expres\u00f3 su entusiasmo por recibir a la presidenta y destac\u00f3 la importancia de esta visita para Veracruz, que busca consolidar el trabajo conjunto en \u00e1reas clave para el desarrollo del estado. La gira representa una oportunidad para escuchar las inquietudes de la poblaci\u00f3n y coordinar esfuerzos en diversas \u00e1reas estrat\u00e9gicas.<\/p>\n\n\n\n<p>La presencia de la presidenta de M\u00e9xico en Veracruz resalta el compromiso del gobierno federal con el progreso de la regi\u00f3n. A lo largo de los tres d\u00edas, se espera que se realicen importantes anuncios y se eval\u00faen proyectos que beneficiar\u00e1n a las comunidades de la zona centro y norte, mejorando la calidad de vida de sus habitantes.<\/p>\n\n\n\n<p><strong>#RevistaAlcaldesasMX &#8211;<\/strong> <a href=\"https:\/\/www.facebook.com\/ReAlcaldesasMX\/?__cft__%5b0%5d=AZWCUCopFg6uwR0bar1lA5XOJDPQGbidw7wMESZ9jhjdgQV18UtYzQs5AhW_9gKv6fQhGkof0nlpv0MZSyvZzAtfVQ-kGlKeGnKn1eftLPF_WZz9fv1hNrBXsDhp_akqGslhCB-zuNpCEIlXRqVKVrqMHVfqLWGFKazjuYuOAozwrbcMy0TfH-lcgDWV1GCIoPkxNjje6YZc-2SSWfdVSK2r&amp;__tn__=-UC%2CP-R\"><strong>Revista Alcaldesas MX<\/strong><\/a><\/p>\n\n\n\n<p><\/p>\n","protected":false},"excerpt":{"rendered":"<p>#Veracruz, #Ver.- La gobernadora de Veracruz, Roc\u00edo Nahle Garc\u00eda, recibi\u00f3 con gran calidez a la presidenta de M\u00e9xico, Claudia Sheinbaum Pardo, en el Aeropuerto Internacional Heriberto Jara Corona. Este evento marc\u00f3 el inicio de una gira de trabajo de tres d\u00edas que la mandataria federal llevar\u00e1 a cabo por varios<span class=\"more-link\"><a href=\"https:\/\/revistaalcaldesas.mx\/?p=20431\">Continuar leyendo<\/a><\/span><\/p>\n","protected":false},"author":6,"featured_media":20432,"comment_status":"open","ping_status":"open","sticky":false,"template":"","format":"standard","meta":{"rop_custom_images_group":[],"rop_custom_messages_group":[],"rop_publish_now":"yes","rop_publish_now_accounts":{"facebook_540786660636400_100634987996574":""},"rop_publish_now_history":[],"rop_publish_now_status":"pending","footnotes":""},"categories":[933],"tags":[725,726,723,1064],"class_list":["entry","author-difusion","post-20431","post","type-post","status-publish","format-standard","has-post-thumbnail","category-municipios-destacados-1","tag-enterate","tag-ultima-hora","tag-ultimas-noticias","tag-veracruz-ciudad-y-puerto"],"_links":{"self":[{"href":"https:\/\/revistaalcaldesas.mx\/index.php?rest_route=\/wp\/v2\/posts\/20431","targetHints":{"allow":["GET"]}}],"collection":[{"href":"https:\/\/revistaalcaldesas.mx\/index.php?rest_route=\/wp\/v2\/posts"}],"about":[{"href":"https:\/\/revistaalcaldesas.mx\/index.php?rest_route=\/wp\/v2\/types\/post"}],"author":[{"embeddable":true,"href":"https:\/\/revistaalcaldesas.mx\/index.php?rest_route=\/wp\/v2\/users\/6"}],"replies":[{"embeddable":true,"href":"https:\/\/revistaalcaldesas.mx\/index.php?rest_route=%2Fwp%2Fv2%2Fcomments&post=20431"}],"version-history":[{"count":1,"href":"https:\/\/revistaalcaldesas.mx\/index.php?rest_route=\/wp\/v2\/posts\/20431\/revisions"}],"predecessor-version":[{"id":20433,"href":"https:\/\/revistaalcaldesas.mx\/index.php?rest_route=\/wp\/v2\/posts\/20431\/revisions\/20433"}],"wp:featuredmedia":[{"embeddable":true,"href":"https:\/\/revistaalcaldesas.mx\/index.php?rest_route=\/wp\/v2\/media\/20432"}],"wp:attachment":[{"href":"https:\/\/revistaalcaldesas.mx\/index.php?rest_route=%2Fwp%2Fv2%2Fmedia&parent=20431"}],"wp:term":[{"taxonomy":"category","embeddable":true,"href":"https:\/\/revistaalcaldesas.mx\/index.php?rest_route=%2Fwp%2Fv2%2Fcategories&post=20431"},{"taxonomy":"post_tag","embeddable":true,"href":"https:\/\/revistaalcaldesas.mx\/index.php?rest_route=%2Fwp%2Fv2%2Ftags&post=20431"}],"curies":[{"name":"wp","href":"https:\/\/api.w.org\/{rel}","templated":true}]}}