{"id":20701,"date":"2025-03-12T19:07:38","date_gmt":"2025-03-13T01:07:38","guid":{"rendered":"https:\/\/revistaalcaldesas.mx\/?p=20701"},"modified":"2025-03-12T19:07:40","modified_gmt":"2025-03-13T01:07:40","slug":"realizan-jornada-de-limpieza-en-la-zona-comunal-san-agustin-chimalhuacan-xochitlfloresva-gobchimal_","status":"publish","type":"post","link":"https:\/\/revistaalcaldesas.mx\/?p=20701","title":{"rendered":"Realizan Jornada de Limpieza en la Zona Comunal San Agust\u00edn, Chimalhuac\u00e1n \/ @Xochitlfloresva @GobChimal_ >>>"},"content":{"rendered":"\n<p><strong>#Chimalhuac\u00e1n, #Edom\u00e9x<\/strong>.- La Direcci\u00f3n de Servicios P\u00fablicos invita a la ciudadan\u00eda a unirse a estas jornadas sabatinas, destacando que son una excelente oportunidad para que el gobierno y la comunidad trabajen de la mano. \u00abGracias a la implementaci\u00f3n de estas jornadas por parte de nuestra presidenta municipal X\u00f3chitl Flores Jim\u00e9nez, cada s\u00e1bado los vecinos pueden sumarse a este esfuerzo conjunto para lograr un entorno m\u00e1s limpio y seguro para todos\u00bb, coment\u00f3 el titular de la Direcci\u00f3n.<\/p>\n\n\n\n<p>Con el apoyo de todos, se logr\u00f3 un cambio en la Zona Comunal San Agust\u00edn, en la avenida prolongaci\u00f3n Chimalhuac\u00e1n, junto al canal de la compa\u00f1\u00eda. \u00a1El resultado fue impresionante!<\/p>\n\n\n\n<p>Lo recolectado:<\/p>\n\n\n\n<p>\u2013 10 toneladas de cascajo<\/p>\n\n\n\n<p>\u2013 20 toneladas de basura<\/p>\n\n\n\n<p>\u2013 200 llantas abandonas<\/p>\n\n\n\n<p><img loading=\"lazy\" decoding=\"async\" height=\"16\" width=\"16\" src=\"https:\/\/static.xx.fbcdn.net\/images\/emoji.php\/v9\/t3c\/1\/16\/1f4a1.png\" alt=\"\ud83d\udca1\">&nbsp;Adem\u00e1s, se llevaron a cabo reparaciones en el alumbrado p\u00fablico para mejorar la seguridad y visibilidad de la zona.<\/p>\n\n\n\n<p>El Comit\u00e9 de Base Ciudadano de la zona, tambi\u00e9n se uni\u00f3 a esta jornada, contribuyendo a esta jornada comunitaria.<\/p>\n\n\n\n<p><strong>#RevistaAlcaldesasMX &#8211;<\/strong> <a href=\"https:\/\/www.facebook.com\/ReAlcaldesasMX\/?__cft__%5b0%5d=AZWCUCopFg6uwR0bar1lA5XOJDPQGbidw7wMESZ9jhjdgQV18UtYzQs5AhW_9gKv6fQhGkof0nlpv0MZSyvZzAtfVQ-kGlKeGnKn1eftLPF_WZz9fv1hNrBXsDhp_akqGslhCB-zuNpCEIlXRqVKVrqMHVfqLWGFKazjuYuOAozwrbcMy0TfH-lcgDWV1GCIoPkxNjje6YZc-2SSWfdVSK2r&amp;__tn__=-UC%2CP-R\"><strong>Revista Alcaldesas MX<\/strong><\/a><\/p>\n","protected":false},"excerpt":{"rendered":"<p>#Chimalhuac\u00e1n, #Edom\u00e9x.- La Direcci\u00f3n de Servicios P\u00fablicos invita a la ciudadan\u00eda a unirse a estas jornadas sabatinas, destacando que son una excelente oportunidad para que el gobierno y la comunidad trabajen de la mano. \u00abGracias a la implementaci\u00f3n de estas jornadas por parte de nuestra presidenta municipal X\u00f3chitl Flores Jim\u00e9nez,<span class=\"more-link\"><a href=\"https:\/\/revistaalcaldesas.mx\/?p=20701\">Continuar leyendo<\/a><\/span><\/p>\n","protected":false},"author":6,"featured_media":20702,"comment_status":"open","ping_status":"open","sticky":false,"template":"","format":"standard","meta":{"rop_custom_images_group":[],"rop_custom_messages_group":[],"rop_publish_now":"yes","rop_publish_now_accounts":{"facebook_540786660636400_100634987996574":""},"rop_publish_now_history":[],"rop_publish_now_status":"pending","footnotes":""},"categories":[934],"tags":[936,725,726,723],"class_list":["entry","author-difusion","post-20701","post","type-post","status-publish","format-standard","has-post-thumbnail","category-municipios-destacados-2","tag-chimalhuacan","tag-enterate","tag-ultima-hora","tag-ultimas-noticias"],"_links":{"self":[{"href":"https:\/\/revistaalcaldesas.mx\/index.php?rest_route=\/wp\/v2\/posts\/20701","targetHints":{"allow":["GET"]}}],"collection":[{"href":"https:\/\/revistaalcaldesas.mx\/index.php?rest_route=\/wp\/v2\/posts"}],"about":[{"href":"https:\/\/revistaalcaldesas.mx\/index.php?rest_route=\/wp\/v2\/types\/post"}],"author":[{"embeddable":true,"href":"https:\/\/revistaalcaldesas.mx\/index.php?rest_route=\/wp\/v2\/users\/6"}],"replies":[{"embeddable":true,"href":"https:\/\/revistaalcaldesas.mx\/index.php?rest_route=%2Fwp%2Fv2%2Fcomments&post=20701"}],"version-history":[{"count":1,"href":"https:\/\/revistaalcaldesas.mx\/index.php?rest_route=\/wp\/v2\/posts\/20701\/revisions"}],"predecessor-version":[{"id":20703,"href":"https:\/\/revistaalcaldesas.mx\/index.php?rest_route=\/wp\/v2\/posts\/20701\/revisions\/20703"}],"wp:featuredmedia":[{"embeddable":true,"href":"https:\/\/revistaalcaldesas.mx\/index.php?rest_route=\/wp\/v2\/media\/20702"}],"wp:attachment":[{"href":"https:\/\/revistaalcaldesas.mx\/index.php?rest_route=%2Fwp%2Fv2%2Fmedia&parent=20701"}],"wp:term":[{"taxonomy":"category","embeddable":true,"href":"https:\/\/revistaalcaldesas.mx\/index.php?rest_route=%2Fwp%2Fv2%2Fcategories&post=20701"},{"taxonomy":"post_tag","embeddable":true,"href":"https:\/\/revistaalcaldesas.mx\/index.php?rest_route=%2Fwp%2Fv2%2Ftags&post=20701"}],"curies":[{"name":"wp","href":"https:\/\/api.w.org\/{rel}","templated":true}]}}