{"id":20770,"date":"2025-03-19T17:31:07","date_gmt":"2025-03-19T23:31:07","guid":{"rendered":"https:\/\/revistaalcaldesas.mx\/?p=20770"},"modified":"2025-03-19T17:31:09","modified_gmt":"2025-03-19T23:31:09","slug":"en-leon-guanajuato-parque-metropolitano-invita-a-conectar-con-la-naturaleza-alegutierrez_mx-municipio_leon","status":"publish","type":"post","link":"https:\/\/revistaalcaldesas.mx\/?p=20770","title":{"rendered":"En Le\u00f3n, Guanajuato, Parque Metropolitano invita a conectar con la naturaleza \/ @AleGutierrez_mx @municipio_leon >>>"},"content":{"rendered":"\n<p>#<strong>Le\u00f3n, #Gto.- <\/strong>La primavera est\u00e1 por iniciar y para recibir esta temporada del a\u00f1o de la mejor manera, el Parque Metropolitano de Le\u00f3n invita a las personas a disfrutar de una serie de actividades que les permitir\u00e1n conectar con la naturaleza.<\/p>\n\n\n\n<p>Del jueves 20 de marzo y hasta el s\u00e1bado 22, el Parque Metropolitano ofrecer\u00e1 diversas actividades como meditaci\u00f3n, yoga y m\u00fasica a fin de crear un espacio de bienestar y reflexi\u00f3n para que las personas reciban el equinoccio como un momento de equilibrio, renovaci\u00f3n y conexi\u00f3n con su entorno.<\/p>\n\n\n\n<p>El equinoccio marca un punto de equilibrio entre el d\u00eda y la noche, un momento de renovaci\u00f3n y transformaci\u00f3n. Desde tiempos ancestrales, diversas culturas han celebrado este evento astron\u00f3mico como una oportunidad para conectar con la naturaleza y armonizar el cuerpo y la mente.<\/p>\n\n\n\n<p>La primera actividad denominada 108 Surya Namaskar \u2013 Saludos al Sol, ser\u00e1 el jueves 20 de marzo a las 5 de la tarde.<\/p>\n\n\n\n<p>El saludo al sol es una secuencia din\u00e1mica de posturas que simbolizan gratitud y renovaci\u00f3n. Esta pr\u00e1ctica de yoga es ideal para fortalecer el cuerpo, mejorar la flexibilidad y conectar con la respiraci\u00f3n.<\/p>\n\n\n\n<p>La clase ser\u00e1 impartida en la zona de Pescadores por el docente Fael Centeno de SIINAN Bienestar, no tendr\u00e1 ning\u00fan costo, solo se pide que las personas interesadas se registren para que puedan asistir.<\/p>\n\n\n\n<p>Posteriormente el viernes 21 de marzo, a las 6 de la tarde habr\u00e1 un concierto Meditativo &amp; Handpan.<\/p>\n\n\n\n<p><strong>#RevistaAlcaldesasMX &#8211;<\/strong> <a href=\"https:\/\/www.facebook.com\/ReAlcaldesasMX\/?__cft__%5b0%5d=AZWCUCopFg6uwR0bar1lA5XOJDPQGbidw7wMESZ9jhjdgQV18UtYzQs5AhW_9gKv6fQhGkof0nlpv0MZSyvZzAtfVQ-kGlKeGnKn1eftLPF_WZz9fv1hNrBXsDhp_akqGslhCB-zuNpCEIlXRqVKVrqMHVfqLWGFKazjuYuOAozwrbcMy0TfH-lcgDWV1GCIoPkxNjje6YZc-2SSWfdVSK2r&amp;__tn__=-UC%2CP-R\"><strong>Revista Alcaldesas MX<\/strong><\/a><\/p>\n","protected":false},"excerpt":{"rendered":"<p>#Le\u00f3n, #Gto.- La primavera est\u00e1 por iniciar y para recibir esta temporada del a\u00f1o de la mejor manera, el Parque Metropolitano de Le\u00f3n invita a las personas a disfrutar de una serie de actividades que les permitir\u00e1n conectar con la naturaleza. Del jueves 20 de marzo y hasta el s\u00e1bado<span class=\"more-link\"><a href=\"https:\/\/revistaalcaldesas.mx\/?p=20770\">Continuar leyendo<\/a><\/span><\/p>\n","protected":false},"author":6,"featured_media":20771,"comment_status":"open","ping_status":"open","sticky":false,"template":"","format":"standard","meta":{"rop_custom_images_group":[],"rop_custom_messages_group":[],"rop_publish_now":"yes","rop_publish_now_accounts":{"facebook_540786660636400_100634987996574":""},"rop_publish_now_history":[],"rop_publish_now_status":"pending","footnotes":""},"categories":[28],"tags":[957,725,958,726,723],"class_list":["entry","author-difusion","post-20770","post","type-post","status-publish","format-standard","has-post-thumbnail","category-alcaldesa-sobresaliente","tag-alejandra-gutierrez","tag-enterate","tag-leon-municipio","tag-ultima-hora","tag-ultimas-noticias"],"_links":{"self":[{"href":"https:\/\/revistaalcaldesas.mx\/index.php?rest_route=\/wp\/v2\/posts\/20770","targetHints":{"allow":["GET"]}}],"collection":[{"href":"https:\/\/revistaalcaldesas.mx\/index.php?rest_route=\/wp\/v2\/posts"}],"about":[{"href":"https:\/\/revistaalcaldesas.mx\/index.php?rest_route=\/wp\/v2\/types\/post"}],"author":[{"embeddable":true,"href":"https:\/\/revistaalcaldesas.mx\/index.php?rest_route=\/wp\/v2\/users\/6"}],"replies":[{"embeddable":true,"href":"https:\/\/revistaalcaldesas.mx\/index.php?rest_route=%2Fwp%2Fv2%2Fcomments&post=20770"}],"version-history":[{"count":1,"href":"https:\/\/revistaalcaldesas.mx\/index.php?rest_route=\/wp\/v2\/posts\/20770\/revisions"}],"predecessor-version":[{"id":20772,"href":"https:\/\/revistaalcaldesas.mx\/index.php?rest_route=\/wp\/v2\/posts\/20770\/revisions\/20772"}],"wp:featuredmedia":[{"embeddable":true,"href":"https:\/\/revistaalcaldesas.mx\/index.php?rest_route=\/wp\/v2\/media\/20771"}],"wp:attachment":[{"href":"https:\/\/revistaalcaldesas.mx\/index.php?rest_route=%2Fwp%2Fv2%2Fmedia&parent=20770"}],"wp:term":[{"taxonomy":"category","embeddable":true,"href":"https:\/\/revistaalcaldesas.mx\/index.php?rest_route=%2Fwp%2Fv2%2Fcategories&post=20770"},{"taxonomy":"post_tag","embeddable":true,"href":"https:\/\/revistaalcaldesas.mx\/index.php?rest_route=%2Fwp%2Fv2%2Ftags&post=20770"}],"curies":[{"name":"wp","href":"https:\/\/api.w.org\/{rel}","templated":true}]}}