{"id":20803,"date":"2025-03-21T15:17:56","date_gmt":"2025-03-21T21:17:56","guid":{"rendered":"https:\/\/revistaalcaldesas.mx\/?p=20803"},"modified":"2025-03-21T15:17:57","modified_gmt":"2025-03-21T21:17:57","slug":"reforestacion-en-acapulco-guerrero-abelinalopezr-acapulco","status":"publish","type":"post","link":"https:\/\/revistaalcaldesas.mx\/?p=20803","title":{"rendered":"Reforestaci\u00f3n en Acapulco, Guerrero \/ @AbelinaLopezR @Acapulco >>>"},"content":{"rendered":"\n<p><strong>#Acapulco, #Gro.-<\/strong> En el marco de las actividades con motivo del D\u00eda Mundial del Agua, el Gobierno Municipal de Acapulco, en colaboraci\u00f3n con la Comisi\u00f3n de Agua Potable y Alcantarillado del Municipio de Acapulco, organiz\u00f3 una significativa jornada de reforestaci\u00f3n. Durante este evento, se sembraron decenas de arbolitos en las instalaciones de la escuela secundaria t\u00e9cnica #78, ubicada en el Fraccionamiento Las Playas. La acci\u00f3n busc\u00f3 promover la conciencia sobre la importancia de cuidar los recursos naturales, especialmente el agua, y fomentar el amor por el medio ambiente en la comunidad.<\/p>\n\n\n\n<p>La actividad cont\u00f3 con la participaci\u00f3n activa de alumnos, docentes y directivos de la instituci\u00f3n educativa, quienes se unieron a los servidores municipales para realizar la tarea de sembrar los \u00e1rboles. Este esfuerzo conjunto tuvo como objetivo no solo contribuir al entorno natural de la ciudad, sino tambi\u00e9n ense\u00f1ar a los j\u00f3venes la relevancia de las pr\u00e1cticas ecol\u00f3gicas y la responsabilidad ambiental. Al ser parte de la siembra, los estudiantes pudieron ver de primera mano c\u00f3mo sus acciones pueden generar un impacto positivo en el planeta.<\/p>\n\n\n\n<p>El evento result\u00f3 ser un \u00e9xito, logrando unir a toda la comunidad escolar en una causa com\u00fan, fortaleciendo los lazos entre el gobierno municipal, los ciudadanos y las instituciones educativas. Adem\u00e1s, esta jornada de reforestaci\u00f3n no solo benefici\u00f3 al entorno natural del \u00e1rea, sino que tambi\u00e9n dej\u00f3 una huella significativa en la formaci\u00f3n ambiental de los j\u00f3venes, quienes se comprometieron a cuidar y preservar los \u00e1rboles que fueron plantados.<\/p>\n\n\n\n<p><strong>#RevistaAlcaldesasMX &#8211;<\/strong> <a href=\"https:\/\/www.facebook.com\/ReAlcaldesasMX\/?__cft__%5b0%5d=AZWCUCopFg6uwR0bar1lA5XOJDPQGbidw7wMESZ9jhjdgQV18UtYzQs5AhW_9gKv6fQhGkof0nlpv0MZSyvZzAtfVQ-kGlKeGnKn1eftLPF_WZz9fv1hNrBXsDhp_akqGslhCB-zuNpCEIlXRqVKVrqMHVfqLWGFKazjuYuOAozwrbcMy0TfH-lcgDWV1GCIoPkxNjje6YZc-2SSWfdVSK2r&amp;__tn__=-UC%2CP-R\"><strong>Revista Alcaldesas MX<\/strong><\/a><\/p>\n","protected":false},"excerpt":{"rendered":"<p>#Acapulco, #Gro.- En el marco de las actividades con motivo del D\u00eda Mundial del Agua, el Gobierno Municipal de Acapulco, en colaboraci\u00f3n con la Comisi\u00f3n de Agua Potable y Alcantarillado del Municipio de Acapulco, organiz\u00f3 una significativa jornada de reforestaci\u00f3n. Durante este evento, se sembraron decenas de arbolitos en las<span class=\"more-link\"><a href=\"https:\/\/revistaalcaldesas.mx\/?p=20803\">Continuar leyendo<\/a><\/span><\/p>\n","protected":false},"author":6,"featured_media":20805,"comment_status":"open","ping_status":"open","sticky":false,"template":"","format":"standard","meta":{"rop_custom_images_group":[],"rop_custom_messages_group":[],"rop_publish_now":"yes","rop_publish_now_accounts":{"facebook_540786660636400_100634987996574":""},"rop_publish_now_history":[],"rop_publish_now_status":"pending","footnotes":""},"categories":[28],"tags":[1058,135,724,725,855],"class_list":["entry","author-difusion","post-20803","post","type-post","status-publish","format-standard","has-post-thumbnail","category-alcaldesa-sobresaliente","tag-abelina-lopez-rodriguez","tag-acapulco","tag-en-vivo","tag-enterate","tag-revista-alcaldesas-mx-2"],"_links":{"self":[{"href":"https:\/\/revistaalcaldesas.mx\/index.php?rest_route=\/wp\/v2\/posts\/20803","targetHints":{"allow":["GET"]}}],"collection":[{"href":"https:\/\/revistaalcaldesas.mx\/index.php?rest_route=\/wp\/v2\/posts"}],"about":[{"href":"https:\/\/revistaalcaldesas.mx\/index.php?rest_route=\/wp\/v2\/types\/post"}],"author":[{"embeddable":true,"href":"https:\/\/revistaalcaldesas.mx\/index.php?rest_route=\/wp\/v2\/users\/6"}],"replies":[{"embeddable":true,"href":"https:\/\/revistaalcaldesas.mx\/index.php?rest_route=%2Fwp%2Fv2%2Fcomments&post=20803"}],"version-history":[{"count":1,"href":"https:\/\/revistaalcaldesas.mx\/index.php?rest_route=\/wp\/v2\/posts\/20803\/revisions"}],"predecessor-version":[{"id":20804,"href":"https:\/\/revistaalcaldesas.mx\/index.php?rest_route=\/wp\/v2\/posts\/20803\/revisions\/20804"}],"wp:featuredmedia":[{"embeddable":true,"href":"https:\/\/revistaalcaldesas.mx\/index.php?rest_route=\/wp\/v2\/media\/20805"}],"wp:attachment":[{"href":"https:\/\/revistaalcaldesas.mx\/index.php?rest_route=%2Fwp%2Fv2%2Fmedia&parent=20803"}],"wp:term":[{"taxonomy":"category","embeddable":true,"href":"https:\/\/revistaalcaldesas.mx\/index.php?rest_route=%2Fwp%2Fv2%2Fcategories&post=20803"},{"taxonomy":"post_tag","embeddable":true,"href":"https:\/\/revistaalcaldesas.mx\/index.php?rest_route=%2Fwp%2Fv2%2Ftags&post=20803"}],"curies":[{"name":"wp","href":"https:\/\/api.w.org\/{rel}","templated":true}]}}