{"id":21011,"date":"2025-04-03T19:03:34","date_gmt":"2025-04-04T01:03:34","guid":{"rendered":"https:\/\/revistaalcaldesas.mx\/?p=21011"},"modified":"2025-04-03T19:03:35","modified_gmt":"2025-04-04T01:03:35","slug":"jornadas-de-empleo-en-tecamac-estado-de-mexico-mejortecamac","status":"publish","type":"post","link":"https:\/\/revistaalcaldesas.mx\/?p=21011","title":{"rendered":"Jornadas de empleo en Tec\u00e1mac, Estado de M\u00e9xico \/ @MejorTecamac >>>"},"content":{"rendered":"\n<p><strong>#Tec\u00e1mac, #Edom\u00e9x.-<\/strong> Las jornadas de reclutamiento en Tec\u00e1mac, organizadas a trav\u00e9s de la Bolsa Municipal del Empleo, fueron un \u00e9xito rotundo, brindando a la ciudadan\u00eda diversas oportunidades laborales. Coordinadas por la Direcci\u00f3n de Desarrollo Econ\u00f3mico, estas jornadas facilitaron el acceso de los tecamaquenses a vacantes ofrecidas por empresas de diferentes sectores, lo que contribuy\u00f3 a fortalecer la econom\u00eda local.<\/p>\n\n\n\n<p>Entre las empresas que participaron en este evento se destacaron importantes nombres como el Servicio de Protecci\u00f3n Federal, Ecodeli, Holiday Inn, ISIS Seguridad Integral y Saniprof. Cada una de ellas ofreci\u00f3 diversas vacantes en \u00e1reas que van desde la seguridad hasta los servicios hoteleros y la salud, respondiendo a las necesidades de una amplia gama de perfiles laborales.<\/p>\n\n\n\n<p>Gracias a la convocatoria, se lograron cubrir todas las vacantes ofertadas por las empresas participantes, salvo en el caso del Servicio de Protecci\u00f3n Federal, cuya demanda fue tan alta que su convocatoria sigue abierta. Esta situaci\u00f3n refleja el inter\u00e9s y la confianza de los tecamaquenses por acceder a empleos que ofrecen estabilidad y crecimiento profesional.<\/p>\n\n\n\n<p>Con esta iniciativa, el municipio de Tec\u00e1mac contin\u00faa su esfuerzo por conectar el talento local con nuevas oportunidades de empleo, consolidando el compromiso de mejorar las condiciones laborales y econ\u00f3micas de sus habitantes. Las autoridades locales siguen trabajando para promover el desarrollo y la inclusi\u00f3n laboral en la regi\u00f3n.<\/p>\n\n\n\n<p><strong>#RevistaAlcaldesasMX &#8211;<\/strong> <a href=\"https:\/\/www.facebook.com\/ReAlcaldesasMX\/?__cft__%5b0%5d=AZWCUCopFg6uwR0bar1lA5XOJDPQGbidw7wMESZ9jhjdgQV18UtYzQs5AhW_9gKv6fQhGkof0nlpv0MZSyvZzAtfVQ-kGlKeGnKn1eftLPF_WZz9fv1hNrBXsDhp_akqGslhCB-zuNpCEIlXRqVKVrqMHVfqLWGFKazjuYuOAozwrbcMy0TfH-lcgDWV1GCIoPkxNjje6YZc-2SSWfdVSK2r&amp;__tn__=-UC%2CP-R\"><strong>Revista Alcaldesas MX<\/strong><\/a><\/p>\n","protected":false},"excerpt":{"rendered":"<p>#Tec\u00e1mac, #Edom\u00e9x.- Las jornadas de reclutamiento en Tec\u00e1mac, organizadas a trav\u00e9s de la Bolsa Municipal del Empleo, fueron un \u00e9xito rotundo, brindando a la ciudadan\u00eda diversas oportunidades laborales. Coordinadas por la Direcci\u00f3n de Desarrollo Econ\u00f3mico, estas jornadas facilitaron el acceso de los tecamaquenses a vacantes ofrecidas por empresas de diferentes<span class=\"more-link\"><a href=\"https:\/\/revistaalcaldesas.mx\/?p=21011\">Continuar leyendo<\/a><\/span><\/p>\n","protected":false},"author":5,"featured_media":21012,"comment_status":"open","ping_status":"open","sticky":false,"template":"","format":"standard","meta":{"rop_custom_images_group":[],"rop_custom_messages_group":[],"rop_publish_now":"yes","rop_publish_now_accounts":{"facebook_540786660636400_100634987996574":""},"rop_publish_now_history":[],"rop_publish_now_status":"pending","footnotes":""},"categories":[1113],"tags":[725,1124,73,726,723],"class_list":["entry","author-katiamichelramirez","post-21011","post","type-post","status-publish","format-standard","has-post-thumbnail","category-municipios-2","tag-enterate","tag-rosi-wong","tag-tecamac","tag-ultima-hora","tag-ultimas-noticias"],"_links":{"self":[{"href":"https:\/\/revistaalcaldesas.mx\/index.php?rest_route=\/wp\/v2\/posts\/21011","targetHints":{"allow":["GET"]}}],"collection":[{"href":"https:\/\/revistaalcaldesas.mx\/index.php?rest_route=\/wp\/v2\/posts"}],"about":[{"href":"https:\/\/revistaalcaldesas.mx\/index.php?rest_route=\/wp\/v2\/types\/post"}],"author":[{"embeddable":true,"href":"https:\/\/revistaalcaldesas.mx\/index.php?rest_route=\/wp\/v2\/users\/5"}],"replies":[{"embeddable":true,"href":"https:\/\/revistaalcaldesas.mx\/index.php?rest_route=%2Fwp%2Fv2%2Fcomments&post=21011"}],"version-history":[{"count":1,"href":"https:\/\/revistaalcaldesas.mx\/index.php?rest_route=\/wp\/v2\/posts\/21011\/revisions"}],"predecessor-version":[{"id":21013,"href":"https:\/\/revistaalcaldesas.mx\/index.php?rest_route=\/wp\/v2\/posts\/21011\/revisions\/21013"}],"wp:featuredmedia":[{"embeddable":true,"href":"https:\/\/revistaalcaldesas.mx\/index.php?rest_route=\/wp\/v2\/media\/21012"}],"wp:attachment":[{"href":"https:\/\/revistaalcaldesas.mx\/index.php?rest_route=%2Fwp%2Fv2%2Fmedia&parent=21011"}],"wp:term":[{"taxonomy":"category","embeddable":true,"href":"https:\/\/revistaalcaldesas.mx\/index.php?rest_route=%2Fwp%2Fv2%2Fcategories&post=21011"},{"taxonomy":"post_tag","embeddable":true,"href":"https:\/\/revistaalcaldesas.mx\/index.php?rest_route=%2Fwp%2Fv2%2Ftags&post=21011"}],"curies":[{"name":"wp","href":"https:\/\/api.w.org\/{rel}","templated":true}]}}