{"id":21021,"date":"2025-04-04T16:52:43","date_gmt":"2025-04-04T22:52:43","guid":{"rendered":"https:\/\/revistaalcaldesas.mx\/?p=21021"},"modified":"2025-04-04T16:53:48","modified_gmt":"2025-04-04T22:53:48","slug":"san-pedro-cholula-avanza-en-bienestar-social-gobiernocholula","status":"publish","type":"post","link":"https:\/\/revistaalcaldesas.mx\/?p=21021","title":{"rendered":"En Puebla, San Pedro Cholula avanza en bienestar social \/ @GobiernoCholula >>>"},"content":{"rendered":"\n<p class=\"wp-block-paragraph\"><strong>#Cholula, #Pue.-<\/strong> Con el firme compromiso de fortalecer el bienestar de las comunidades, la Presidenta Honoraria del DIF San Pedro Cholula, Mtra. Lupita Fern\u00e1ndez, particip\u00f3 en la reuni\u00f3n mensual DIM- Micro Regi\u00f3n 18. Durante este encuentro, se establecieron mesas de trabajo enfocadas en \u00e1reas clave como Desarrollo Comunitario, Salud, Jur\u00eddico y Alimentos, con el objetivo de generar acciones concretas que beneficien a los habitantes de la regi\u00f3n.<\/p>\n\n\n\n<p class=\"wp-block-paragraph\">En la reuni\u00f3n, se discutieron diversas estrategias y proyectos que permitir\u00e1n mejorar la calidad de vida de las familias, con especial atenci\u00f3n a las necesidades m\u00e1s apremiantes de cada \u00e1rea. La colaboraci\u00f3n entre las distintas instituciones y organismos presentes en el evento es esencial para consolidar un modelo integral de bienestar social que aborde de manera efectiva las problem\u00e1ticas locales.<\/p>\n\n\n\n<p class=\"wp-block-paragraph\">Adem\u00e1s, la Mtra. Lupita Fern\u00e1ndez particip\u00f3 en la conferencia \u00abPor amor a Puebla, transformando familias\u00bb, un evento enviado por la Presidenta Honoraria del Sistema Estatal DIF de Puebla, Ceci Arellano. Esta conferencia fue una fuente de inspiraci\u00f3n para todos los asistentes, al resaltar la importancia de trabajar unidos por el bienestar de las familias poblanas.<\/p>\n\n\n\n<p class=\"wp-block-paragraph\">La intervenci\u00f3n de Lupita Fern\u00e1ndez en estos espacios de di\u00e1logo y reflexi\u00f3n refuerza su compromiso con la mejora continua de las pol\u00edticas p\u00fablicas en San Pedro Cholula. Su presencia en estos foros demuestra su dedicaci\u00f3n a construir un futuro m\u00e1s justo y pr\u00f3spero para todas y todos, consolidando as\u00ed su liderazgo en la promoci\u00f3n del bienestar social.<\/p>\n\n\n\n<p class=\"wp-block-paragraph\"><strong>#RevistaAlcaldesasMX &#8211;<\/strong> <a href=\"https:\/\/www.facebook.com\/ReAlcaldesasMX\/?__cft__%5b0%5d=AZWCUCopFg6uwR0bar1lA5XOJDPQGbidw7wMESZ9jhjdgQV18UtYzQs5AhW_9gKv6fQhGkof0nlpv0MZSyvZzAtfVQ-kGlKeGnKn1eftLPF_WZz9fv1hNrBXsDhp_akqGslhCB-zuNpCEIlXRqVKVrqMHVfqLWGFKazjuYuOAozwrbcMy0TfH-lcgDWV1GCIoPkxNjje6YZc-2SSWfdVSK2r&amp;__tn__=-UC%2CP-R\"><strong>Revista Alcaldesas MX<\/strong><\/a><\/p>\n","protected":false},"excerpt":{"rendered":"<p>#Cholula, #Pue.- Con el firme compromiso de fortalecer el bienestar de las comunidades, la Presidenta Honoraria del DIF San Pedro Cholula, Mtra. Lupita Fern\u00e1ndez, particip\u00f3 en la reuni\u00f3n mensual DIM- Micro Regi\u00f3n 18. Durante este encuentro, se establecieron mesas de trabajo enfocadas en \u00e1reas clave como Desarrollo Comunitario, Salud, Jur\u00eddico<span class=\"more-link\"><a href=\"https:\/\/revistaalcaldesas.mx\/?p=21021\">Continuar leyendo<\/a><\/span><\/p>\n","protected":false},"author":6,"featured_media":21022,"comment_status":"open","ping_status":"open","sticky":false,"template":"","format":"standard","meta":{"rop_custom_images_group":[],"rop_custom_messages_group":[],"rop_publish_now":"initial","rop_publish_now_accounts":{"facebook_540786660636400_100634987996574":""},"rop_publish_now_history":[],"rop_publish_now_status":"pending","footnotes":""},"categories":[933],"tags":[725,929,726,723],"class_list":["entry","author-difusion","post-21021","post","type-post","status-publish","format-standard","has-post-thumbnail","category-municipios-destacados-1","tag-enterate","tag-san-pedro-cholula","tag-ultima-hora","tag-ultimas-noticias"],"_links":{"self":[{"href":"https:\/\/revistaalcaldesas.mx\/index.php?rest_route=\/wp\/v2\/posts\/21021","targetHints":{"allow":["GET"]}}],"collection":[{"href":"https:\/\/revistaalcaldesas.mx\/index.php?rest_route=\/wp\/v2\/posts"}],"about":[{"href":"https:\/\/revistaalcaldesas.mx\/index.php?rest_route=\/wp\/v2\/types\/post"}],"author":[{"embeddable":true,"href":"https:\/\/revistaalcaldesas.mx\/index.php?rest_route=\/wp\/v2\/users\/6"}],"replies":[{"embeddable":true,"href":"https:\/\/revistaalcaldesas.mx\/index.php?rest_route=%2Fwp%2Fv2%2Fcomments&post=21021"}],"version-history":[{"count":2,"href":"https:\/\/revistaalcaldesas.mx\/index.php?rest_route=\/wp\/v2\/posts\/21021\/revisions"}],"predecessor-version":[{"id":21024,"href":"https:\/\/revistaalcaldesas.mx\/index.php?rest_route=\/wp\/v2\/posts\/21021\/revisions\/21024"}],"wp:featuredmedia":[{"embeddable":true,"href":"https:\/\/revistaalcaldesas.mx\/index.php?rest_route=\/wp\/v2\/media\/21022"}],"wp:attachment":[{"href":"https:\/\/revistaalcaldesas.mx\/index.php?rest_route=%2Fwp%2Fv2%2Fmedia&parent=21021"}],"wp:term":[{"taxonomy":"category","embeddable":true,"href":"https:\/\/revistaalcaldesas.mx\/index.php?rest_route=%2Fwp%2Fv2%2Fcategories&post=21021"},{"taxonomy":"post_tag","embeddable":true,"href":"https:\/\/revistaalcaldesas.mx\/index.php?rest_route=%2Fwp%2Fv2%2Ftags&post=21021"}],"curies":[{"name":"wp","href":"https:\/\/api.w.org\/{rel}","templated":true}]}}