{"id":21089,"date":"2025-04-10T19:03:48","date_gmt":"2025-04-11T01:03:48","guid":{"rendered":"https:\/\/revistaalcaldesas.mx\/?p=21089"},"modified":"2025-04-10T19:03:49","modified_gmt":"2025-04-11T01:03:49","slug":"exito-rotundo-del-1er-foro-nacional-de-la-agenda-2030-en-tamaulipas-se_mx","status":"publish","type":"post","link":"https:\/\/revistaalcaldesas.mx\/?p=21089","title":{"rendered":"\u00c9xito rotundo del 1er Foro Nacional de la Agenda 2030 en Tamaulipas \/ @SE_mx >>>"},"content":{"rendered":"\n<p><strong>#ECONOM\u00cdA.-<\/strong> El pasado mi\u00e9rcoles 9 de abril de 2025, el Centro de Convenciones EXPO Tampico fue sede del 1er Foro Nacional de la Agenda 2030: ODS 1, 8 y 10, evento que super\u00f3 todas las expectativas al reunir a m\u00e1s de 1,100 participantes de todos los sectores y de cinco estados del noreste del pa\u00eds (Tamaulipas, Veracruz, Nuevo Le\u00f3n, Coahuila y Chihuahua), consolid\u00e1ndose como un punto de inflexi\u00f3n en la implementaci\u00f3n territorial de los Objetivos de Desarrollo Sostenible en M\u00e9xico.<\/p>\n\n\n\n<p>Organizado por el Secretariado Ejecutivo del Consejo Nacional de la Agenda 2030 y el Gobierno de Tamaulipas, el foro fue inaugurado de manera solemne por un pres\u00eddium de alto nivel encabezado por el Secretario Ejecutivo del Consejo Nacional de la Agenda 2030, Ismael Ortiz Fern\u00e1ndez, en representaci\u00f3n del Secretario Marcelo Ebrard Casaubon, Ninfa Cant\u00fa, Secretaria de Econom\u00eda de Tamaulipas, en representaci\u00f3n del Gobernador Am\u00e9rico Villarreal Anaya, y H\u00e9ctor Ochoa Moreno, Director General de la Coordinaci\u00f3n Nacional de la Agenda 2030, acompa\u00f1ados de representantes del Senado de la Rep\u00fablica, secretar\u00edas federales y estatales, el PNUD, l\u00edderes empresariales y representantes de la sociedad civil.<\/p>\n\n\n\n<p>Durante m\u00e1s de diez horas de intensas actividades, el foro despleg\u00f3 un programa integral con seis ponencias magistrales y diez paneles de di\u00e1logo tem\u00e1tico, abordando desde econom\u00eda social, juventud, biodiversidad y derechos humanos, hasta innovaci\u00f3n tecnol\u00f3gica, ciudades inteligentes y transici\u00f3n energ\u00e9tica.<\/p>\n\n\n\n<p><strong>#RevistaAlcaldesasMX &#8211;<\/strong> <a href=\"https:\/\/www.facebook.com\/ReAlcaldesasMX\/?__cft__%5b0%5d=AZWCUCopFg6uwR0bar1lA5XOJDPQGbidw7wMESZ9jhjdgQV18UtYzQs5AhW_9gKv6fQhGkof0nlpv0MZSyvZzAtfVQ-kGlKeGnKn1eftLPF_WZz9fv1hNrBXsDhp_akqGslhCB-zuNpCEIlXRqVKVrqMHVfqLWGFKazjuYuOAozwrbcMy0TfH-lcgDWV1GCIoPkxNjje6YZc-2SSWfdVSK2r&amp;__tn__=-UC%2CP-R\"><strong>Revista Alcaldesas MX<\/strong><\/a><\/p>\n","protected":false},"excerpt":{"rendered":"<p>#ECONOM\u00cdA.- El pasado mi\u00e9rcoles 9 de abril de 2025, el Centro de Convenciones EXPO Tampico fue sede del 1er Foro Nacional de la Agenda 2030: ODS 1, 8 y 10, evento que super\u00f3 todas las expectativas al reunir a m\u00e1s de 1,100 participantes de todos los sectores y de cinco<span class=\"more-link\"><a href=\"https:\/\/revistaalcaldesas.mx\/?p=21089\">Continuar leyendo<\/a><\/span><\/p>\n","protected":false},"author":6,"featured_media":21091,"comment_status":"open","ping_status":"open","sticky":false,"template":"","format":"standard","meta":{"rop_custom_images_group":[],"rop_custom_messages_group":[],"rop_publish_now":"yes","rop_publish_now_accounts":{"facebook_540786660636400_100634987996574":""},"rop_publish_now_history":[],"rop_publish_now_status":"pending","footnotes":""},"categories":[32],"tags":[725,95,726,723],"class_list":["entry","author-difusion","post-21089","post","type-post","status-publish","format-standard","has-post-thumbnail","category-secretarias-de-gobierno","tag-enterate","tag-secretaria-de-economia","tag-ultima-hora","tag-ultimas-noticias"],"_links":{"self":[{"href":"https:\/\/revistaalcaldesas.mx\/index.php?rest_route=\/wp\/v2\/posts\/21089","targetHints":{"allow":["GET"]}}],"collection":[{"href":"https:\/\/revistaalcaldesas.mx\/index.php?rest_route=\/wp\/v2\/posts"}],"about":[{"href":"https:\/\/revistaalcaldesas.mx\/index.php?rest_route=\/wp\/v2\/types\/post"}],"author":[{"embeddable":true,"href":"https:\/\/revistaalcaldesas.mx\/index.php?rest_route=\/wp\/v2\/users\/6"}],"replies":[{"embeddable":true,"href":"https:\/\/revistaalcaldesas.mx\/index.php?rest_route=%2Fwp%2Fv2%2Fcomments&post=21089"}],"version-history":[{"count":1,"href":"https:\/\/revistaalcaldesas.mx\/index.php?rest_route=\/wp\/v2\/posts\/21089\/revisions"}],"predecessor-version":[{"id":21092,"href":"https:\/\/revistaalcaldesas.mx\/index.php?rest_route=\/wp\/v2\/posts\/21089\/revisions\/21092"}],"wp:featuredmedia":[{"embeddable":true,"href":"https:\/\/revistaalcaldesas.mx\/index.php?rest_route=\/wp\/v2\/media\/21091"}],"wp:attachment":[{"href":"https:\/\/revistaalcaldesas.mx\/index.php?rest_route=%2Fwp%2Fv2%2Fmedia&parent=21089"}],"wp:term":[{"taxonomy":"category","embeddable":true,"href":"https:\/\/revistaalcaldesas.mx\/index.php?rest_route=%2Fwp%2Fv2%2Fcategories&post=21089"},{"taxonomy":"post_tag","embeddable":true,"href":"https:\/\/revistaalcaldesas.mx\/index.php?rest_route=%2Fwp%2Fv2%2Ftags&post=21089"}],"curies":[{"name":"wp","href":"https:\/\/api.w.org\/{rel}","templated":true}]}}