{"id":21449,"date":"2025-05-13T15:28:19","date_gmt":"2025-05-13T21:28:19","guid":{"rendered":"https:\/\/revistaalcaldesas.mx\/?p=21449"},"modified":"2025-05-13T15:28:20","modified_gmt":"2025-05-13T21:28:20","slug":"el-gobierno-de-tepic-nayarit-refuerza-acciones-preventivas-ante-la-temporada-de-lluvias-geraldineponcem-gobiernodetepic","status":"publish","type":"post","link":"https:\/\/revistaalcaldesas.mx\/?p=21449","title":{"rendered":"El Gobierno de Tepic, Nayarit, refuerza acciones preventivas ante la temporada de lluvias \/ @GeraldinePonceM @Gobiernodetepic >>>"},"content":{"rendered":"\n<p><strong>#Tepic, #Nay.-<\/strong> El Gobierno Municipal contin\u00faa implementando acciones destinadas a proteger a Tepic ante posibles contingencias clim\u00e1ticas. En esta ocasi\u00f3n, se refuerzan los trabajos preventivos en puntos estrat\u00e9gicos de la ciudad para mitigar los riesgos propios de la temporada de lluvias.<\/p>\n\n\n\n<p>Como parte de estas labores, el equipo de Obras P\u00fablicas lleva a cabo tareas de desazolve en el canal pluvial ubicado en el puente San Cayetano. Esta intervenci\u00f3n busca garantizar un flujo adecuado del agua pluvial y evitar inundaciones que puedan afectar a las familias de la zona.<\/p>\n\n\n\n<p>Estas acciones forman parte de una estrategia integral de prevenci\u00f3n que prioriza el bienestar de la ciudadan\u00eda. Al mantener limpios los canales y drenes pluviales, se minimiza la posibilidad de obstrucciones que pudieran derivar en da\u00f1os materiales o afectaciones a la movilidad.<\/p>\n\n\n\n<p>El compromiso del gobierno municipal con la seguridad y la infraestructura de Tepic se refleja en cada una de estas intervenciones. Con trabajo constante y planificaci\u00f3n oportuna, se fortalece la capacidad de respuesta ante fen\u00f3menos naturales y se protege a la comunidad.<\/p>\n\n\n\n<p><strong>#RevistaAlcaldesasMX &#8211;<\/strong> <a href=\"https:\/\/www.facebook.com\/ReAlcaldesasMX\/?__cft__%5b0%5d=AZWCUCopFg6uwR0bar1lA5XOJDPQGbidw7wMESZ9jhjdgQV18UtYzQs5AhW_9gKv6fQhGkof0nlpv0MZSyvZzAtfVQ-kGlKeGnKn1eftLPF_WZz9fv1hNrBXsDhp_akqGslhCB-zuNpCEIlXRqVKVrqMHVfqLWGFKazjuYuOAozwrbcMy0TfH-lcgDWV1GCIoPkxNjje6YZc-2SSWfdVSK2r&amp;__tn__=-UC%2CP-R\"><strong>Revista Alcaldesas MX<\/strong><\/a><\/p>\n","protected":false},"excerpt":{"rendered":"<p>#Tepic, #Nay.- El Gobierno Municipal contin\u00faa implementando acciones destinadas a proteger a Tepic ante posibles contingencias clim\u00e1ticas. En esta ocasi\u00f3n, se refuerzan los trabajos preventivos en puntos estrat\u00e9gicos de la ciudad para mitigar los riesgos propios de la temporada de lluvias. Como parte de estas labores, el equipo de Obras<span class=\"more-link\"><a href=\"https:\/\/revistaalcaldesas.mx\/?p=21449\">Continuar leyendo<\/a><\/span><\/p>\n","protected":false},"author":6,"featured_media":21450,"comment_status":"open","ping_status":"open","sticky":false,"template":"","format":"standard","meta":{"rop_custom_images_group":[],"rop_custom_messages_group":[],"rop_publish_now":"yes","rop_publish_now_accounts":{"facebook_540786660636400_100634987996574":""},"rop_publish_now_history":[],"rop_publish_now_status":"pending","footnotes":""},"categories":[28],"tags":[725,873,871,726,723],"class_list":["entry","author-difusion","post-21449","post","type-post","status-publish","format-standard","has-post-thumbnail","category-alcaldesa-sobresaliente","tag-enterate","tag-geraldine-ponce-mendez","tag-gobierno-de-tepic","tag-ultima-hora","tag-ultimas-noticias"],"_links":{"self":[{"href":"https:\/\/revistaalcaldesas.mx\/index.php?rest_route=\/wp\/v2\/posts\/21449","targetHints":{"allow":["GET"]}}],"collection":[{"href":"https:\/\/revistaalcaldesas.mx\/index.php?rest_route=\/wp\/v2\/posts"}],"about":[{"href":"https:\/\/revistaalcaldesas.mx\/index.php?rest_route=\/wp\/v2\/types\/post"}],"author":[{"embeddable":true,"href":"https:\/\/revistaalcaldesas.mx\/index.php?rest_route=\/wp\/v2\/users\/6"}],"replies":[{"embeddable":true,"href":"https:\/\/revistaalcaldesas.mx\/index.php?rest_route=%2Fwp%2Fv2%2Fcomments&post=21449"}],"version-history":[{"count":1,"href":"https:\/\/revistaalcaldesas.mx\/index.php?rest_route=\/wp\/v2\/posts\/21449\/revisions"}],"predecessor-version":[{"id":21451,"href":"https:\/\/revistaalcaldesas.mx\/index.php?rest_route=\/wp\/v2\/posts\/21449\/revisions\/21451"}],"wp:featuredmedia":[{"embeddable":true,"href":"https:\/\/revistaalcaldesas.mx\/index.php?rest_route=\/wp\/v2\/media\/21450"}],"wp:attachment":[{"href":"https:\/\/revistaalcaldesas.mx\/index.php?rest_route=%2Fwp%2Fv2%2Fmedia&parent=21449"}],"wp:term":[{"taxonomy":"category","embeddable":true,"href":"https:\/\/revistaalcaldesas.mx\/index.php?rest_route=%2Fwp%2Fv2%2Fcategories&post=21449"},{"taxonomy":"post_tag","embeddable":true,"href":"https:\/\/revistaalcaldesas.mx\/index.php?rest_route=%2Fwp%2Fv2%2Ftags&post=21449"}],"curies":[{"name":"wp","href":"https:\/\/api.w.org\/{rel}","templated":true}]}}