{"id":21458,"date":"2025-02-13T19:45:00","date_gmt":"2025-02-14T01:45:00","guid":{"rendered":"https:\/\/revistaalcaldesas.mx\/?p=21458"},"modified":"2025-05-15T18:22:20","modified_gmt":"2025-05-16T00:22:20","slug":"tecamac-estado-de-mexico-refuerza-coordinacion-en-seguridad-mejortecamac","status":"publish","type":"post","link":"https:\/\/revistaalcaldesas.mx\/?p=21458","title":{"rendered":"Tec\u00e1mac, Estado de M\u00e9xico refuerza coordinaci\u00f3n en seguridad \/ @MejorTecamac >>>"},"content":{"rendered":"\n<p class=\"wp-block-paragraph\"><strong>#Tec\u00e1mac, #Edom\u00e9x.-<\/strong> La presidenta municipal de Tec\u00e1mac, Rosi Wong, particip\u00f3 la ma\u00f1ana de este martes en una Sesi\u00f3n Extraordinaria de Seguridad P\u00fablica celebrada en el municipio de Teotihuac\u00e1n. Este encuentro forma parte de las Mesas de Coordinaci\u00f3n para la Construcci\u00f3n de la Paz, una estrategia impulsada por el Gobierno del Estado de M\u00e9xico para fortalecer la seguridad en la regi\u00f3n.<\/p>\n\n\n\n<p class=\"wp-block-paragraph\">Durante la sesi\u00f3n, se cont\u00f3 con la participaci\u00f3n de los presidentes municipales de Acolman, Axapusco, Chiautla, Nopaltepec, Otumba, Papalotla, San Mart\u00edn de las Pir\u00e1mides, Temascalapa, Teotihuac\u00e1n y Tepetlaoxtoc. En estos espacios de di\u00e1logo y an\u00e1lisis, se promueve la colaboraci\u00f3n entre los distintos \u00f3rdenes de gobierno, permitiendo el intercambio de experiencias, estrategias y soluciones ante los retos en materia de seguridad.<\/p>\n\n\n\n<p class=\"wp-block-paragraph\">Rosi Wong destac\u00f3 que en Tec\u00e1mac la seguridad p\u00fablica es una prioridad para el bienestar de la poblaci\u00f3n. Por ello, su administraci\u00f3n ha fortalecido el trabajo conjunto con autoridades estatales, federales y de municipios vecinos, convencida de que solo con coordinaci\u00f3n y unidad se pueden lograr resultados duraderos.<\/p>\n\n\n\n<p class=\"wp-block-paragraph\">El compromiso del gobierno de Tec\u00e1mac es claro: asegurar que las familias del municipio vivan, trabajen y se desarrollen en un entorno seguro y en paz. La participaci\u00f3n activa en estas mesas de coordinaci\u00f3n es una muestra del esfuerzo permanente por construir comunidades m\u00e1s fuertes y protegidas.<\/p>\n\n\n\n<p class=\"wp-block-paragraph\"><strong>#RevistaAlcaldesasMX &#8211;<\/strong> <a href=\"https:\/\/www.facebook.com\/ReAlcaldesasMX\/?__cft__%5b0%5d=AZWCUCopFg6uwR0bar1lA5XOJDPQGbidw7wMESZ9jhjdgQV18UtYzQs5AhW_9gKv6fQhGkof0nlpv0MZSyvZzAtfVQ-kGlKeGnKn1eftLPF_WZz9fv1hNrBXsDhp_akqGslhCB-zuNpCEIlXRqVKVrqMHVfqLWGFKazjuYuOAozwrbcMy0TfH-lcgDWV1GCIoPkxNjje6YZc-2SSWfdVSK2r&amp;__tn__=-UC%2CP-R\"><strong>Revista Alcaldesas MX<\/strong><\/a><\/p>\n","protected":false},"excerpt":{"rendered":"<p>#Tec\u00e1mac, #Edom\u00e9x.- La presidenta municipal de Tec\u00e1mac, Rosi Wong, particip\u00f3 la ma\u00f1ana de este martes en una Sesi\u00f3n Extraordinaria de Seguridad P\u00fablica celebrada en el municipio de Teotihuac\u00e1n. Este encuentro forma parte de las Mesas de Coordinaci\u00f3n para la Construcci\u00f3n de la Paz, una estrategia impulsada por el Gobierno del<span class=\"more-link\"><a href=\"https:\/\/revistaalcaldesas.mx\/?p=21458\">Continuar leyendo<\/a><\/span><\/p>\n","protected":false},"author":5,"featured_media":21459,"comment_status":"open","ping_status":"open","sticky":false,"template":"","format":"standard","meta":{"rop_custom_images_group":[],"rop_custom_messages_group":[],"rop_publish_now":"initial","rop_publish_now_accounts":{"facebook_540786660636400_100634987996574":""},"rop_publish_now_history":[],"rop_publish_now_status":"pending","footnotes":""},"categories":[1113],"tags":[725,1124,73,726,723],"class_list":["entry","author-katiamichelramirez","post-21458","post","type-post","status-publish","format-standard","has-post-thumbnail","category-municipios-2","tag-enterate","tag-rosi-wong","tag-tecamac","tag-ultima-hora","tag-ultimas-noticias"],"_links":{"self":[{"href":"https:\/\/revistaalcaldesas.mx\/index.php?rest_route=\/wp\/v2\/posts\/21458","targetHints":{"allow":["GET"]}}],"collection":[{"href":"https:\/\/revistaalcaldesas.mx\/index.php?rest_route=\/wp\/v2\/posts"}],"about":[{"href":"https:\/\/revistaalcaldesas.mx\/index.php?rest_route=\/wp\/v2\/types\/post"}],"author":[{"embeddable":true,"href":"https:\/\/revistaalcaldesas.mx\/index.php?rest_route=\/wp\/v2\/users\/5"}],"replies":[{"embeddable":true,"href":"https:\/\/revistaalcaldesas.mx\/index.php?rest_route=%2Fwp%2Fv2%2Fcomments&post=21458"}],"version-history":[{"count":1,"href":"https:\/\/revistaalcaldesas.mx\/index.php?rest_route=\/wp\/v2\/posts\/21458\/revisions"}],"predecessor-version":[{"id":21460,"href":"https:\/\/revistaalcaldesas.mx\/index.php?rest_route=\/wp\/v2\/posts\/21458\/revisions\/21460"}],"wp:featuredmedia":[{"embeddable":true,"href":"https:\/\/revistaalcaldesas.mx\/index.php?rest_route=\/wp\/v2\/media\/21459"}],"wp:attachment":[{"href":"https:\/\/revistaalcaldesas.mx\/index.php?rest_route=%2Fwp%2Fv2%2Fmedia&parent=21458"}],"wp:term":[{"taxonomy":"category","embeddable":true,"href":"https:\/\/revistaalcaldesas.mx\/index.php?rest_route=%2Fwp%2Fv2%2Fcategories&post=21458"},{"taxonomy":"post_tag","embeddable":true,"href":"https:\/\/revistaalcaldesas.mx\/index.php?rest_route=%2Fwp%2Fv2%2Ftags&post=21458"}],"curies":[{"name":"wp","href":"https:\/\/api.w.org\/{rel}","templated":true}]}}