{"id":21519,"date":"2025-05-20T15:38:58","date_gmt":"2025-05-20T21:38:58","guid":{"rendered":"https:\/\/revistaalcaldesas.mx\/?p=21519"},"modified":"2025-05-20T15:38:59","modified_gmt":"2025-05-20T21:38:59","slug":"implementa-conalep-el-programa-jovenes-por-la-paz-mario_delgado-sep_mx","status":"publish","type":"post","link":"https:\/\/revistaalcaldesas.mx\/?p=21519","title":{"rendered":"Implementa Conalep el programa \u201cJ\u00f3venes por la paz\u201d \/ @mario_delgado @SEP_mx >>>"},"content":{"rendered":"\n<p><strong>#Guaymas, #Son.-<\/strong> Con el prop\u00f3sito de promover la participaci\u00f3n de las y los estudiantes del Colegio Nacional de Educaci\u00f3n Profesional T\u00e9cnica (Conalep) \u2014dependiente de la Secretar\u00eda de Educaci\u00f3n P\u00fablica (SEP)\u2014 en proyectos que contribuyan a la construcci\u00f3n de la paz y la convivencia social en M\u00e9xico, se implementa el programa \u201cJ\u00f3venes por la Paz\u201d, en<strong>\u00a0los 313 planteles del Colegio en todo el pa\u00eds.<\/strong><\/p>\n\n\n\n<p>Esta iniciativa institucional, alineada al Marco Curricular Com\u00fan de la Educaci\u00f3n Media Superior (MCCEMS) y a los prop\u00f3sitos de la Nueva Escuela Mexicana (NEM), fortalecida en la administraci\u00f3n de la Presidenta Claudia Sheinbaum Pardo, busca formar estudiantes con una visi\u00f3n integral, capaces de conducirse como ciudadanos aut\u00f3nomos, con sentido humano y cr\u00edtico, que puedan construir su propio futuro en sociedad.<\/p>\n\n\n\n<p>Como lo ha expresado el secretario de Educaci\u00f3n P\u00fablica, Mario Delgado Carrillo: \u201cLa Nueva Escuela Mexicana propone una educaci\u00f3n cr\u00edtica, humanista, inclusiva y con sentido comunitario. Sus principios son, m\u00e1s que nunca, promover el respeto a la dignidad humana y a la identidad cultural; fomentar la responsabilidad ciudadana y una cultura de paz; incentivar la identidad con M\u00e9xico y el respeto por los dem\u00e1s, con lo que se forman ciudadanos con pensamiento cr\u00edtico, \u00e9tico, discernimiento y gran compromiso social.\u201d<\/p>\n\n\n\n<p>Rodrigo Rojas Navarrete, director general del Conalep, destac\u00f3 que \u201cJ\u00f3venes por la Paz\u201d tiene como misi\u00f3n impulsar el desarrollo integral de&nbsp;<strong>los 325 mil estudiantes del Conalep en todo el pa\u00eds<\/strong>, a trav\u00e9s del fortalecimiento de sus habilidades y destrezas, adem\u00e1s del refuerzo de los valores sociales, en busca de experiencias enriquecedoras a nivel personal, en su plantel y en su comunidad.<\/p>\n\n\n\n<p><strong>#RevistaAlcaldesasMX &#8211;<\/strong> <a href=\"https:\/\/www.facebook.com\/ReAlcaldesasMX\/?__cft__%5b0%5d=AZWCUCopFg6uwR0bar1lA5XOJDPQGbidw7wMESZ9jhjdgQV18UtYzQs5AhW_9gKv6fQhGkof0nlpv0MZSyvZzAtfVQ-kGlKeGnKn1eftLPF_WZz9fv1hNrBXsDhp_akqGslhCB-zuNpCEIlXRqVKVrqMHVfqLWGFKazjuYuOAozwrbcMy0TfH-lcgDWV1GCIoPkxNjje6YZc-2SSWfdVSK2r&amp;__tn__=-UC%2CP-R\"><strong>Revista Alcaldesas MX<\/strong><\/a><\/p>\n","protected":false},"excerpt":{"rendered":"<p>#Guaymas, #Son.- Con el prop\u00f3sito de promover la participaci\u00f3n de las y los estudiantes del Colegio Nacional de Educaci\u00f3n Profesional T\u00e9cnica (Conalep) \u2014dependiente de la Secretar\u00eda de Educaci\u00f3n P\u00fablica (SEP)\u2014 en proyectos que contribuyan a la construcci\u00f3n de la paz y la convivencia social en M\u00e9xico, se implementa el programa<span class=\"more-link\"><a href=\"https:\/\/revistaalcaldesas.mx\/?p=21519\">Continuar leyendo<\/a><\/span><\/p>\n","protected":false},"author":6,"featured_media":21520,"comment_status":"open","ping_status":"open","sticky":false,"template":"","format":"standard","meta":{"rop_custom_images_group":[],"rop_custom_messages_group":[],"rop_publish_now":"yes","rop_publish_now_accounts":{"facebook_540786660636400_100634987996574":""},"rop_publish_now_history":[],"rop_publish_now_status":"pending","footnotes":""},"categories":[32],"tags":[724,725,1142,232,726,723],"class_list":["entry","author-difusion","post-21519","post","type-post","status-publish","format-standard","has-post-thumbnail","category-secretarias-de-gobierno","tag-en-vivo","tag-enterate","tag-mario-delgado-carrillo","tag-sep","tag-ultima-hora","tag-ultimas-noticias"],"_links":{"self":[{"href":"https:\/\/revistaalcaldesas.mx\/index.php?rest_route=\/wp\/v2\/posts\/21519","targetHints":{"allow":["GET"]}}],"collection":[{"href":"https:\/\/revistaalcaldesas.mx\/index.php?rest_route=\/wp\/v2\/posts"}],"about":[{"href":"https:\/\/revistaalcaldesas.mx\/index.php?rest_route=\/wp\/v2\/types\/post"}],"author":[{"embeddable":true,"href":"https:\/\/revistaalcaldesas.mx\/index.php?rest_route=\/wp\/v2\/users\/6"}],"replies":[{"embeddable":true,"href":"https:\/\/revistaalcaldesas.mx\/index.php?rest_route=%2Fwp%2Fv2%2Fcomments&post=21519"}],"version-history":[{"count":1,"href":"https:\/\/revistaalcaldesas.mx\/index.php?rest_route=\/wp\/v2\/posts\/21519\/revisions"}],"predecessor-version":[{"id":21521,"href":"https:\/\/revistaalcaldesas.mx\/index.php?rest_route=\/wp\/v2\/posts\/21519\/revisions\/21521"}],"wp:featuredmedia":[{"embeddable":true,"href":"https:\/\/revistaalcaldesas.mx\/index.php?rest_route=\/wp\/v2\/media\/21520"}],"wp:attachment":[{"href":"https:\/\/revistaalcaldesas.mx\/index.php?rest_route=%2Fwp%2Fv2%2Fmedia&parent=21519"}],"wp:term":[{"taxonomy":"category","embeddable":true,"href":"https:\/\/revistaalcaldesas.mx\/index.php?rest_route=%2Fwp%2Fv2%2Fcategories&post=21519"},{"taxonomy":"post_tag","embeddable":true,"href":"https:\/\/revistaalcaldesas.mx\/index.php?rest_route=%2Fwp%2Fv2%2Ftags&post=21519"}],"curies":[{"name":"wp","href":"https:\/\/api.w.org\/{rel}","templated":true}]}}