{"id":21638,"date":"2025-05-29T18:59:35","date_gmt":"2025-05-30T00:59:35","guid":{"rendered":"https:\/\/revistaalcaldesas.mx\/?p=21638"},"modified":"2025-05-29T18:59:36","modified_gmt":"2025-05-30T00:59:36","slug":"tepic-nayarit-activa-consejo-de-proteccion-civil-geraldineponcem-gobiernodetepic","status":"publish","type":"post","link":"https:\/\/revistaalcaldesas.mx\/?p=21638","title":{"rendered":"Tepic, Nayarit Activa Consejo de Protecci\u00f3n Civil \/ @GeraldinePonceM @Gobiernodetepic >>>"},"content":{"rendered":"\n<p class=\"wp-block-paragraph\"><strong>#Tepic, #Nay.-<\/strong> La presidenta municipal, Ing. Geraldine Ponce, encabez\u00f3 la instalaci\u00f3n del Consejo Municipal de Protecci\u00f3n Civil con miras a la temporada de ciclones 2025. Este consejo tiene como objetivo coordinar esfuerzos entre los tres niveles de gobierno para dar respuesta oportuna y eficiente ante cualquier situaci\u00f3n de emergencia que pudiera surgir.<\/p>\n\n\n\n<p class=\"wp-block-paragraph\">Durante el acto, se destac\u00f3 la importancia de la preparaci\u00f3n anticipada y la colaboraci\u00f3n interinstitucional como pilares fundamentales para salvaguardar a la poblaci\u00f3n. La presidenta reafirm\u00f3 el compromiso de su administraci\u00f3n con la protecci\u00f3n y seguridad de las familias del municipio.<\/p>\n\n\n\n<p class=\"wp-block-paragraph\">Como parte de las acciones preventivas, tambi\u00e9n se llev\u00f3 a cabo la firma de un convenio de colaboraci\u00f3n con el director del CETIS 100, Maestro Heli Josafat Virgen Madrigal. Este acuerdo establece que las instalaciones del plantel educativo podr\u00e1n ser utilizadas como refugio temporal en caso de ser necesario durante la temporada de ciclones.<\/p>\n\n\n\n<p class=\"wp-block-paragraph\">Con estas medidas, el gobierno municipal refuerza su capacidad de respuesta ante fen\u00f3menos naturales, priorizando la protecci\u00f3n civil y el bienestar de la ciudadan\u00eda. La coordinaci\u00f3n con instituciones educativas y autoridades de los distintos niveles de gobierno representa un paso firme hacia una gesti\u00f3n de riesgos m\u00e1s efectiva y solidaria.<\/p>\n\n\n\n<p class=\"wp-block-paragraph\"><strong>#RevistaAlcaldesasMX &#8211;<\/strong> <a href=\"https:\/\/www.facebook.com\/ReAlcaldesasMX\/?__cft__%5b0%5d=AZWCUCopFg6uwR0bar1lA5XOJDPQGbidw7wMESZ9jhjdgQV18UtYzQs5AhW_9gKv6fQhGkof0nlpv0MZSyvZzAtfVQ-kGlKeGnKn1eftLPF_WZz9fv1hNrBXsDhp_akqGslhCB-zuNpCEIlXRqVKVrqMHVfqLWGFKazjuYuOAozwrbcMy0TfH-lcgDWV1GCIoPkxNjje6YZc-2SSWfdVSK2r&amp;__tn__=-UC%2CP-R\"><strong>Revista Alcaldesas MX<\/strong><\/a><\/p>\n","protected":false},"excerpt":{"rendered":"<p>#Tepic, #Nay.- La presidenta municipal, Ing. Geraldine Ponce, encabez\u00f3 la instalaci\u00f3n del Consejo Municipal de Protecci\u00f3n Civil con miras a la temporada de ciclones 2025. Este consejo tiene como objetivo coordinar esfuerzos entre los tres niveles de gobierno para dar respuesta oportuna y eficiente ante cualquier situaci\u00f3n de emergencia que<span class=\"more-link\"><a href=\"https:\/\/revistaalcaldesas.mx\/?p=21638\">Continuar leyendo<\/a><\/span><\/p>\n","protected":false},"author":6,"featured_media":21641,"comment_status":"open","ping_status":"open","sticky":false,"template":"","format":"standard","meta":{"rop_custom_images_group":[],"rop_custom_messages_group":[],"rop_publish_now":"yes","rop_publish_now_accounts":{"facebook_540786660636400_100634987996574":""},"rop_publish_now_history":[],"rop_publish_now_status":"pending","footnotes":""},"categories":[28],"tags":[725,873,870,726,723],"class_list":["entry","author-difusion","post-21638","post","type-post","status-publish","format-standard","has-post-thumbnail","category-alcaldesa-sobresaliente","tag-enterate","tag-geraldine-ponce-mendez","tag-tepic","tag-ultima-hora","tag-ultimas-noticias"],"_links":{"self":[{"href":"https:\/\/revistaalcaldesas.mx\/index.php?rest_route=\/wp\/v2\/posts\/21638","targetHints":{"allow":["GET"]}}],"collection":[{"href":"https:\/\/revistaalcaldesas.mx\/index.php?rest_route=\/wp\/v2\/posts"}],"about":[{"href":"https:\/\/revistaalcaldesas.mx\/index.php?rest_route=\/wp\/v2\/types\/post"}],"author":[{"embeddable":true,"href":"https:\/\/revistaalcaldesas.mx\/index.php?rest_route=\/wp\/v2\/users\/6"}],"replies":[{"embeddable":true,"href":"https:\/\/revistaalcaldesas.mx\/index.php?rest_route=%2Fwp%2Fv2%2Fcomments&post=21638"}],"version-history":[{"count":1,"href":"https:\/\/revistaalcaldesas.mx\/index.php?rest_route=\/wp\/v2\/posts\/21638\/revisions"}],"predecessor-version":[{"id":21642,"href":"https:\/\/revistaalcaldesas.mx\/index.php?rest_route=\/wp\/v2\/posts\/21638\/revisions\/21642"}],"wp:featuredmedia":[{"embeddable":true,"href":"https:\/\/revistaalcaldesas.mx\/index.php?rest_route=\/wp\/v2\/media\/21641"}],"wp:attachment":[{"href":"https:\/\/revistaalcaldesas.mx\/index.php?rest_route=%2Fwp%2Fv2%2Fmedia&parent=21638"}],"wp:term":[{"taxonomy":"category","embeddable":true,"href":"https:\/\/revistaalcaldesas.mx\/index.php?rest_route=%2Fwp%2Fv2%2Fcategories&post=21638"},{"taxonomy":"post_tag","embeddable":true,"href":"https:\/\/revistaalcaldesas.mx\/index.php?rest_route=%2Fwp%2Fv2%2Ftags&post=21638"}],"curies":[{"name":"wp","href":"https:\/\/api.w.org\/{rel}","templated":true}]}}