{"id":21906,"date":"2025-06-26T19:14:58","date_gmt":"2025-06-27T01:14:58","guid":{"rendered":"https:\/\/revistaalcaldesas.mx\/?p=21906"},"modified":"2025-06-26T19:14:59","modified_gmt":"2025-06-27T01:14:59","slug":"inundacion-en-tepic-nayarit-por-basura-en-rejillas-pluviales-geraldineponcem-gobiernodetepic","status":"publish","type":"post","link":"https:\/\/revistaalcaldesas.mx\/?p=21906","title":{"rendered":"Inundaci\u00f3n en Tepic, Nayarit por basura en rejillas pluviales \/ @GeraldinePonceM @Gobiernodetepic >>>"},"content":{"rendered":"\n<p><strong>#Tepic, #Nay.-<\/strong> Elementos de Protecci\u00f3n Civil y Bomberos de Tepic respondieron con prontitud a un llamado de emergencia en la intersecci\u00f3n de Avenida Insurgentes y calle Bucer\u00edas, en la colonia Lindavista. En el lugar, una camioneta qued\u00f3 varada debido al alto nivel del agua acumulada, bloqueando parcialmente la vialidad y generando complicaciones en el tr\u00e1nsito vehicular.<\/p>\n\n\n\n<p>La intervenci\u00f3n oportuna del personal permiti\u00f3 retirar el veh\u00edculo y restablecer la circulaci\u00f3n en la zona afectada. Gracias a su r\u00e1pida actuaci\u00f3n, se evitaron mayores contratiempos para automovilistas y peatones que transitaban por el \u00e1rea durante el incidente.<\/p>\n\n\n\n<p>Tras la revisi\u00f3n del sitio, se identific\u00f3 como causa principal del encharcamiento la acumulaci\u00f3n de basura en las rejillas pluviales. Esto impidi\u00f3 el desag\u00fce natural del agua de lluvia, provocando su estancamiento y el consiguiente bloqueo de la vialidad.<\/p>\n\n\n\n<p>Este tipo de situaciones puede prevenirse con la colaboraci\u00f3n de la ciudadan\u00eda. Evitar tirar basura en la v\u00eda p\u00fablica no solo mejora la imagen urbana, sino que tambi\u00e9n contribuye significativamente a mantener libres los sistemas de drenaje pluvial y a reducir riesgos durante la temporada de lluvias.<\/p>\n\n\n\n<p><strong>#RevistaAlcaldesasMX &#8211;<\/strong> <a href=\"https:\/\/www.facebook.com\/ReAlcaldesasMX\/?__cft__%5b0%5d=AZWCUCopFg6uwR0bar1lA5XOJDPQGbidw7wMESZ9jhjdgQV18UtYzQs5AhW_9gKv6fQhGkof0nlpv0MZSyvZzAtfVQ-kGlKeGnKn1eftLPF_WZz9fv1hNrBXsDhp_akqGslhCB-zuNpCEIlXRqVKVrqMHVfqLWGFKazjuYuOAozwrbcMy0TfH-lcgDWV1GCIoPkxNjje6YZc-2SSWfdVSK2r&amp;__tn__=-UC%2CP-R\"><strong>Revista Alcaldesas MX<\/strong><\/a><\/p>\n","protected":false},"excerpt":{"rendered":"<p>#Tepic, #Nay.- Elementos de Protecci\u00f3n Civil y Bomberos de Tepic respondieron con prontitud a un llamado de emergencia en la intersecci\u00f3n de Avenida Insurgentes y calle Bucer\u00edas, en la colonia Lindavista. En el lugar, una camioneta qued\u00f3 varada debido al alto nivel del agua acumulada, bloqueando parcialmente la vialidad y<span class=\"more-link\"><a href=\"https:\/\/revistaalcaldesas.mx\/?p=21906\">Continuar leyendo<\/a><\/span><\/p>\n","protected":false},"author":6,"featured_media":21907,"comment_status":"open","ping_status":"open","sticky":false,"template":"","format":"standard","meta":{"rop_custom_images_group":[],"rop_custom_messages_group":[],"rop_publish_now":"yes","rop_publish_now_accounts":{"facebook_540786660636400_100634987996574":""},"rop_publish_now_history":[],"rop_publish_now_status":"pending","footnotes":""},"categories":[28],"tags":[725,873,871,726,723],"class_list":["entry","author-difusion","post-21906","post","type-post","status-publish","format-standard","has-post-thumbnail","category-alcaldesa-sobresaliente","tag-enterate","tag-geraldine-ponce-mendez","tag-gobierno-de-tepic","tag-ultima-hora","tag-ultimas-noticias"],"_links":{"self":[{"href":"https:\/\/revistaalcaldesas.mx\/index.php?rest_route=\/wp\/v2\/posts\/21906","targetHints":{"allow":["GET"]}}],"collection":[{"href":"https:\/\/revistaalcaldesas.mx\/index.php?rest_route=\/wp\/v2\/posts"}],"about":[{"href":"https:\/\/revistaalcaldesas.mx\/index.php?rest_route=\/wp\/v2\/types\/post"}],"author":[{"embeddable":true,"href":"https:\/\/revistaalcaldesas.mx\/index.php?rest_route=\/wp\/v2\/users\/6"}],"replies":[{"embeddable":true,"href":"https:\/\/revistaalcaldesas.mx\/index.php?rest_route=%2Fwp%2Fv2%2Fcomments&post=21906"}],"version-history":[{"count":1,"href":"https:\/\/revistaalcaldesas.mx\/index.php?rest_route=\/wp\/v2\/posts\/21906\/revisions"}],"predecessor-version":[{"id":21908,"href":"https:\/\/revistaalcaldesas.mx\/index.php?rest_route=\/wp\/v2\/posts\/21906\/revisions\/21908"}],"wp:featuredmedia":[{"embeddable":true,"href":"https:\/\/revistaalcaldesas.mx\/index.php?rest_route=\/wp\/v2\/media\/21907"}],"wp:attachment":[{"href":"https:\/\/revistaalcaldesas.mx\/index.php?rest_route=%2Fwp%2Fv2%2Fmedia&parent=21906"}],"wp:term":[{"taxonomy":"category","embeddable":true,"href":"https:\/\/revistaalcaldesas.mx\/index.php?rest_route=%2Fwp%2Fv2%2Fcategories&post=21906"},{"taxonomy":"post_tag","embeddable":true,"href":"https:\/\/revistaalcaldesas.mx\/index.php?rest_route=%2Fwp%2Fv2%2Ftags&post=21906"}],"curies":[{"name":"wp","href":"https:\/\/api.w.org\/{rel}","templated":true}]}}