{"id":22249,"date":"2025-07-26T20:03:08","date_gmt":"2025-07-27T02:03:08","guid":{"rendered":"https:\/\/revistaalcaldesas.mx\/?p=22249"},"modified":"2025-07-26T20:03:08","modified_gmt":"2025-07-27T02:03:08","slug":"sep-inea-y-fmf-firman-convenio-contra-el-analfabetismo","status":"publish","type":"post","link":"https:\/\/revistaalcaldesas.mx\/?p=22249","title":{"rendered":"SEP, INEA y FMF firman convenio contra el analfabetismo \/"},"content":{"rendered":"\n<p><strong>#SEP.- <\/strong>Al encabezar la firma de un convenio de colaboraci\u00f3n entre la Secretar\u00eda de Educaci\u00f3n P\u00fablica (SEP), el Instituto Nacional para la Educaci\u00f3n de los Adultos (INEA) y la Federaci\u00f3n Mexicana de Futbol (FMF), el titular de la dependencia, Mario Delgado Carrillo, afirm\u00f3 que 2026 no solo ser\u00e1 recordado por la justa mundialista, sino porque ser\u00e1 el a\u00f1o en que M\u00e9xico lograr\u00e1 superar el analfabetismo.<\/p>\n\n\n\n<p>En la sede de la FMF, en Toluca, Estado de M\u00e9xico, Delgado Carrillo asegur\u00f3 que, con el impulso de la Presidenta Claudia Sheinbaum Pardo, se lograr\u00e1 el objetivo de estar por debajo de un \u00edndice del 4 por ciento, como lo marcan los est\u00e1ndares internacionales, y M\u00e9xico podr\u00e1 levantar la bandera blanca al declararse libre de analfabetismo.<\/p>\n\n\n\n<p>Ante educandas, educandos y titulares de las sedes del INEA en las 32 entidades del pa\u00eds, Delgado Carrillo coment\u00f3 que, para alcanzar ese objetivo, se concretan alianzas como la de hoy, porque se requiere el compromiso de todas y todos; que cada organizaci\u00f3n, empresa, instituci\u00f3n y comunidad se convierta en aliada de la alfabetizaci\u00f3n, en promotora de compartir los principios asombrosos de la palabra escrita.<\/p>\n\n\n\n<p><strong>#RevistaAlcaldesasMX \u2013<\/strong>\u00a0<a href=\"https:\/\/www.facebook.com\/ReAlcaldesasMX\/?__cft__%5b0%5d=AZWCUCopFg6uwR0bar1lA5XOJDPQGbidw7wMESZ9jhjdgQV18UtYzQs5AhW_9gKv6fQhGkof0nlpv0MZSyvZzAtfVQ-kGlKeGnKn1eftLPF_WZz9fv1hNrBXsDhp_akqGslhCB-zuNpCEIlXRqVKVrqMHVfqLWGFKazjuYuOAozwrbcMy0TfH-lcgDWV1GCIoPkxNjje6YZc-2SSWfdVSK2r&amp;__tn__=-UC%2CP-R\"><strong>Revista Alcaldesas MX<\/strong><\/a><\/p>\n","protected":false},"excerpt":{"rendered":"<p>#SEP.- Al encabezar la firma de un convenio de colaboraci\u00f3n entre la Secretar\u00eda de Educaci\u00f3n P\u00fablica (SEP), el Instituto Nacional para la Educaci\u00f3n de los Adultos (INEA) y la Federaci\u00f3n Mexicana de Futbol (FMF), el titular de la dependencia, Mario Delgado Carrillo, afirm\u00f3 que 2026 no solo ser\u00e1 recordado por<span class=\"more-link\"><a href=\"https:\/\/revistaalcaldesas.mx\/?p=22249\">Continuar leyendo<\/a><\/span><\/p>\n","protected":false},"author":6,"featured_media":22250,"comment_status":"open","ping_status":"open","sticky":false,"template":"","format":"standard","meta":{"rop_custom_images_group":[],"rop_custom_messages_group":[],"rop_publish_now":"no","rop_publish_now_accounts":{"facebook_540786660636400_100634987996574":""},"rop_publish_now_history":[{"account":"facebook_540786660636400_100634987996574","service":"facebook","timestamp":1753581804,"status":"success"}],"rop_publish_now_status":"done","footnotes":""},"categories":[32],"tags":[724,725,232,726],"class_list":["entry","author-difusion","post-22249","post","type-post","status-publish","format-standard","has-post-thumbnail","category-secretarias-de-gobierno","tag-en-vivo","tag-enterate","tag-sep","tag-ultima-hora"],"_links":{"self":[{"href":"https:\/\/revistaalcaldesas.mx\/index.php?rest_route=\/wp\/v2\/posts\/22249","targetHints":{"allow":["GET"]}}],"collection":[{"href":"https:\/\/revistaalcaldesas.mx\/index.php?rest_route=\/wp\/v2\/posts"}],"about":[{"href":"https:\/\/revistaalcaldesas.mx\/index.php?rest_route=\/wp\/v2\/types\/post"}],"author":[{"embeddable":true,"href":"https:\/\/revistaalcaldesas.mx\/index.php?rest_route=\/wp\/v2\/users\/6"}],"replies":[{"embeddable":true,"href":"https:\/\/revistaalcaldesas.mx\/index.php?rest_route=%2Fwp%2Fv2%2Fcomments&post=22249"}],"version-history":[{"count":1,"href":"https:\/\/revistaalcaldesas.mx\/index.php?rest_route=\/wp\/v2\/posts\/22249\/revisions"}],"predecessor-version":[{"id":22251,"href":"https:\/\/revistaalcaldesas.mx\/index.php?rest_route=\/wp\/v2\/posts\/22249\/revisions\/22251"}],"wp:featuredmedia":[{"embeddable":true,"href":"https:\/\/revistaalcaldesas.mx\/index.php?rest_route=\/wp\/v2\/media\/22250"}],"wp:attachment":[{"href":"https:\/\/revistaalcaldesas.mx\/index.php?rest_route=%2Fwp%2Fv2%2Fmedia&parent=22249"}],"wp:term":[{"taxonomy":"category","embeddable":true,"href":"https:\/\/revistaalcaldesas.mx\/index.php?rest_route=%2Fwp%2Fv2%2Fcategories&post=22249"},{"taxonomy":"post_tag","embeddable":true,"href":"https:\/\/revistaalcaldesas.mx\/index.php?rest_route=%2Fwp%2Fv2%2Ftags&post=22249"}],"curies":[{"name":"wp","href":"https:\/\/api.w.org\/{rel}","templated":true}]}}