{"id":22312,"date":"2025-08-02T19:41:25","date_gmt":"2025-08-03T01:41:25","guid":{"rendered":"https:\/\/revistaalcaldesas.mx\/?p=22312"},"modified":"2025-08-02T19:41:25","modified_gmt":"2025-08-03T01:41:25","slug":"secretaria-de-cultura-firma-convenio-en-villahermosa-tabasco-para-ampliar-oportunidades-artisticas-cultura_mx","status":"publish","type":"post","link":"https:\/\/revistaalcaldesas.mx\/?p=22312","title":{"rendered":"Secretar\u00eda de Cultura firma convenio en Villahermosa, Tabasco, para ampliar oportunidades art\u00edsticas \/ @cultura_mx >>>"},"content":{"rendered":"\n<p><strong>#Secretar\u00edaDeCultura<\/strong>, <strong>#M\u00e9xico.<\/strong>&#8211; La Secretar\u00eda de Cultura del Gobierno de M\u00e9xico, a trav\u00e9s de la Direcci\u00f3n General de Vinculaci\u00f3n Cultural (<strong>#DGVC<\/strong>), firm\u00f3 un convenio de colaboraci\u00f3n con el gobierno del estado de Tabasco, para fortalecer y expandir el programa Semilleros Creativos en la entidad.<\/p>\n\n\n\n<p>El evento, que ocurri\u00f3 en el Centro Cultural Quinta Grijalva, en Villahermosa, Tabasco, el d\u00eda de hoy, viernes 1 de agosto de 2025, lo encabezaron el director general de Vinculaci\u00f3n Cultural, <strong>Diego Ra\u00fal Mart\u00ednez Garc\u00eda<\/strong>, y la secretaria de Cultura de Tabasco, <strong>A\u00edda Elba Castillo Santiago<\/strong>.<\/p>\n\n\n\n<p>Tambi\u00e9n, se cont\u00f3 con la presencia de la directora de Promoci\u00f3n, Formaci\u00f3n y Desarrollo de la DGVC, <strong>Yesenia Ram\u00edrez Rafael<\/strong>, as\u00ed como el director del Centro Cultural Quinta Grijalva, Pedro B. Flores Barrada.<\/p>\n\n\n\n<p>Cabe recordar que los <strong>#Semilleros Creativos<\/strong> son grupos de formaci\u00f3n art\u00edstica gratuita con enfoque comunitario, integrados por infancias y juventudes en condiciones de vulnerabilidad social, que se operan desde el programa Cultura Comunitaria.<\/p>\n\n\n\n<p>El convenio firmado en Tabasco garantiza la instalaci\u00f3n de dos nuevos Semilleros, bajo el modelo B, estrategia de coparticipaci\u00f3n entre la federaci\u00f3n y los gobiernos locales en la cual las localidades asumen los gastos operativos del proyecto, mientras que la DGVC brinda acompa\u00f1amiento metodol\u00f3gico, pedag\u00f3gico y comunitario.<\/p>\n\n\n\n<p>Con dichas acciones los nuevos grupos se integrar\u00e1n a la Red Nacional de Semilleros Creativos que en el estado sumar\u00e1n 17, en l\u00ednea con los objetivos de fomentar la cultura para la paz, la transformaci\u00f3n social, la participaci\u00f3n en la vida cultural de infancias y juventudes en el estado de Tabasco, as\u00ed como el desarrollo cultural comunitario y el fortalecimiento de capacidades locales.<\/p>\n\n\n\n<p><strong>#RevistaAlcaldesasMX \u2013<\/strong>\u00a0<a href=\"https:\/\/www.facebook.com\/ReAlcaldesasMX\/?__cft__%5b0%5d=AZWCUCopFg6uwR0bar1lA5XOJDPQGbidw7wMESZ9jhjdgQV18UtYzQs5AhW_9gKv6fQhGkof0nlpv0MZSyvZzAtfVQ-kGlKeGnKn1eftLPF_WZz9fv1hNrBXsDhp_akqGslhCB-zuNpCEIlXRqVKVrqMHVfqLWGFKazjuYuOAozwrbcMy0TfH-lcgDWV1GCIoPkxNjje6YZc-2SSWfdVSK2r&amp;__tn__=-UC%2CP-R\"><strong>Revista Alcaldesas MX<\/strong><\/a><\/p>\n\n\n<div class=\"wp-block-image\">\n<figure class=\"aligncenter size-full\"><img loading=\"lazy\" decoding=\"async\" width=\"650\" height=\"400\" src=\"https:\/\/revistaalcaldesas.mx\/wp-content\/uploads\/2025\/08\/PHOTO-2025-08-01-16-37-39.jpg\" alt=\"\" class=\"wp-image-22313\" srcset=\"https:\/\/revistaalcaldesas.mx\/wp-content\/uploads\/2025\/08\/PHOTO-2025-08-01-16-37-39.jpg 650w, https:\/\/revistaalcaldesas.mx\/wp-content\/uploads\/2025\/08\/PHOTO-2025-08-01-16-37-39-465x286.jpg 465w, https:\/\/revistaalcaldesas.mx\/wp-content\/uploads\/2025\/08\/PHOTO-2025-08-01-16-37-39-300x185.jpg 300w\" sizes=\"auto, (max-width: 650px) 100vw, 650px\" \/><\/figure>\n<\/div>","protected":false},"excerpt":{"rendered":"<p>#Secretar\u00edaDeCultura, #M\u00e9xico.&#8211; La Secretar\u00eda de Cultura del Gobierno de M\u00e9xico, a trav\u00e9s de la Direcci\u00f3n General de Vinculaci\u00f3n Cultural (#DGVC), firm\u00f3 un convenio de colaboraci\u00f3n con el gobierno del estado de Tabasco, para fortalecer y expandir el programa Semilleros Creativos en la entidad. El evento, que ocurri\u00f3 en el Centro<span class=\"more-link\"><a href=\"https:\/\/revistaalcaldesas.mx\/?p=22312\">Continuar leyendo<\/a><\/span><\/p>\n","protected":false},"author":5,"featured_media":22313,"comment_status":"open","ping_status":"open","sticky":false,"template":"","format":"standard","meta":{"rop_custom_images_group":[],"rop_custom_messages_group":[],"rop_publish_now":"no","rop_publish_now_accounts":{"facebook_540786660636400_100634987996574":""},"rop_publish_now_history":[{"account":"facebook_540786660636400_100634987996574","service":"facebook","timestamp":1754185302,"status":"success"}],"rop_publish_now_status":"done","footnotes":""},"categories":[32],"tags":[87,145,1161,1174,724,725,147,1070,1145,153,855,190,105,95,625,374,649,726,723],"class_list":["entry","author-katiamichelramirez","post-22312","post","type-post","status-publish","format-standard","has-post-thumbnail","category-secretarias-de-gobierno","tag-amlo","tag-andres-manuel-lopez-obrador","tag-claudia-sheinbaum-pardo","tag-diego-raul-martinez-garcia","tag-en-vivo","tag-enterate","tag-gobierno-de-mexico","tag-issste","tag-katia-michel-ramirez-r","tag-luisa-maria-alcalde-lujan","tag-revista-alcaldesas-mx-2","tag-secretaria-de-bienestar","tag-secretaria-de-cultura","tag-secretaria-de-economia","tag-secretaria-de-educacion-publica","tag-secretaria-de-energa","tag-secretaria-de-turismo","tag-ultima-hora","tag-ultimas-noticias"],"_links":{"self":[{"href":"https:\/\/revistaalcaldesas.mx\/index.php?rest_route=\/wp\/v2\/posts\/22312","targetHints":{"allow":["GET"]}}],"collection":[{"href":"https:\/\/revistaalcaldesas.mx\/index.php?rest_route=\/wp\/v2\/posts"}],"about":[{"href":"https:\/\/revistaalcaldesas.mx\/index.php?rest_route=\/wp\/v2\/types\/post"}],"author":[{"embeddable":true,"href":"https:\/\/revistaalcaldesas.mx\/index.php?rest_route=\/wp\/v2\/users\/5"}],"replies":[{"embeddable":true,"href":"https:\/\/revistaalcaldesas.mx\/index.php?rest_route=%2Fwp%2Fv2%2Fcomments&post=22312"}],"version-history":[{"count":1,"href":"https:\/\/revistaalcaldesas.mx\/index.php?rest_route=\/wp\/v2\/posts\/22312\/revisions"}],"predecessor-version":[{"id":22314,"href":"https:\/\/revistaalcaldesas.mx\/index.php?rest_route=\/wp\/v2\/posts\/22312\/revisions\/22314"}],"wp:featuredmedia":[{"embeddable":true,"href":"https:\/\/revistaalcaldesas.mx\/index.php?rest_route=\/wp\/v2\/media\/22313"}],"wp:attachment":[{"href":"https:\/\/revistaalcaldesas.mx\/index.php?rest_route=%2Fwp%2Fv2%2Fmedia&parent=22312"}],"wp:term":[{"taxonomy":"category","embeddable":true,"href":"https:\/\/revistaalcaldesas.mx\/index.php?rest_route=%2Fwp%2Fv2%2Fcategories&post=22312"},{"taxonomy":"post_tag","embeddable":true,"href":"https:\/\/revistaalcaldesas.mx\/index.php?rest_route=%2Fwp%2Fv2%2Ftags&post=22312"}],"curies":[{"name":"wp","href":"https:\/\/api.w.org\/{rel}","templated":true}]}}