{"id":22745,"date":"2025-09-12T17:41:37","date_gmt":"2025-09-12T23:41:37","guid":{"rendered":"https:\/\/revistaalcaldesas.mx\/?p=22745"},"modified":"2025-09-12T17:41:37","modified_gmt":"2025-09-12T23:41:37","slug":"en-guanajuato-pc-irapuato-convoca-a-formar-brigadas-para-simulacros-lorenaalfarog-irapuatogob","status":"publish","type":"post","link":"https:\/\/revistaalcaldesas.mx\/?p=22745","title":{"rendered":"En Guanajuato, PC Irapuato convoca a formar brigadas para simulacros \/ @LorenaAlfaroG @irapuatogob >>>"},"content":{"rendered":"\n<p class=\"wp-block-paragraph\"><strong>#Irapuato, #Gto.-<\/strong> Con el objetivo de fortalecer la cultura de la prevenci\u00f3n y contar con planes de actuaci\u00f3n en caso de emergencias, el Gobierno Municipal de Irapuato, a trav\u00e9s de la Secretar\u00eda de Seguridad Ciudadana (SSC), invita a la ciudadan\u00eda a conformar brigadas de actuaci\u00f3n y a participar en el Segundo Simulacro Nacional de Sismo, que se llevar\u00e1 a cabo el pr\u00f3ximo 19 de septiembre a las 12:00 horas.<\/p>\n\n\n\n<p class=\"wp-block-paragraph\">El ejercicio se realizar\u00e1 de manera simult\u00e1nea en todo el pa\u00eds y, en el caso de Irapuato, bajo la hip\u00f3tesis de incendio urbano. La participaci\u00f3n ciudadana ser\u00e1 clave para saber c\u00f3mo actuar ante fen\u00f3menos naturales como sismos, as\u00ed como frente a contingencias derivadas de incendios, derrumbes u otras situaciones de riesgo.<\/p>\n\n\n\n<p class=\"wp-block-paragraph\">El coordinador municipal de Protecci\u00f3n Civil y de Bomberos, Israel Mart\u00ednez Negrete, explic\u00f3 que empresas, instituciones educativas y organizaciones pueden solicitar asesor\u00eda para conformar brigadas internas.<\/p>\n\n\n\n<p class=\"wp-block-paragraph\">\u201cEstamos realizando simulacros de gabinete con empresas que participan por primera vez y con aquellas que ya cuentan con brigadas, revisamos sus planes de acci\u00f3n. El 19 de septiembre ser\u00e1 el d\u00eda clave para ponerlos en pr\u00e1ctica y estar preparados\u201d, se\u00f1al\u00f3.<\/p>\n\n\n\n<p class=\"wp-block-paragraph\">Dependiendo de la capacidad de cada instituci\u00f3n, se recomienda integrar brigadas de evacuaci\u00f3n, combate a incendios, primeros auxilios y rescate, fundamentales para garantizar una respuesta organizada ante emergencias reales.<\/p>\n\n\n\n<p class=\"wp-block-paragraph\">Al registrarse, personal de Protecci\u00f3n Civil y Bomberos brinda capacitaci\u00f3n y ensayos de gabinete, donde se explica la actuaci\u00f3n paso a paso. La Coordinaci\u00f3n Municipal de Protecci\u00f3n Civil y de Bomberos exhorta a la ciudadan\u00eda a inscribirse y participar activamente en este simulacro.<\/p>\n\n\n\n<p class=\"wp-block-paragraph\">#ElGuanajuatenseVIP \u2013\u00a0<a href=\"https:\/\/www.facebook.com\/ElGuanajuatenseVIP\/\">El Guanajuatense VIP<\/a><\/p>\n","protected":false},"excerpt":{"rendered":"<p>#Irapuato, #Gto.- Con el objetivo de fortalecer la cultura de la prevenci\u00f3n y contar con planes de actuaci\u00f3n en caso de emergencias, el Gobierno Municipal de Irapuato, a trav\u00e9s de la Secretar\u00eda de Seguridad Ciudadana (SSC), invita a la ciudadan\u00eda a conformar brigadas de actuaci\u00f3n y a participar en el<span class=\"more-link\"><a href=\"https:\/\/revistaalcaldesas.mx\/?p=22745\">Continuar leyendo<\/a><\/span><\/p>\n","protected":false},"author":6,"featured_media":22746,"comment_status":"open","ping_status":"open","sticky":false,"template":"","format":"standard","meta":{"rop_custom_images_group":[],"rop_custom_messages_group":[],"rop_publish_now":"no","rop_publish_now_accounts":{"facebook_540786660636400_100634987996574":""},"rop_publish_now_history":[{"account":"facebook_540786660636400_100634987996574","service":"facebook","timestamp":1757720523,"status":"success"}],"rop_publish_now_status":"done","footnotes":""},"categories":[933],"tags":[1161,724,725,147,866,868,855,726,723],"class_list":["entry","author-difusion","post-22745","post","type-post","status-publish","format-standard","has-post-thumbnail","category-municipios-destacados-1","tag-claudia-sheinbaum-pardo","tag-en-vivo","tag-enterate","tag-gobierno-de-mexico","tag-irapuato","tag-lorena-alfaro-garcia","tag-revista-alcaldesas-mx-2","tag-ultima-hora","tag-ultimas-noticias"],"_links":{"self":[{"href":"https:\/\/revistaalcaldesas.mx\/index.php?rest_route=\/wp\/v2\/posts\/22745","targetHints":{"allow":["GET"]}}],"collection":[{"href":"https:\/\/revistaalcaldesas.mx\/index.php?rest_route=\/wp\/v2\/posts"}],"about":[{"href":"https:\/\/revistaalcaldesas.mx\/index.php?rest_route=\/wp\/v2\/types\/post"}],"author":[{"embeddable":true,"href":"https:\/\/revistaalcaldesas.mx\/index.php?rest_route=\/wp\/v2\/users\/6"}],"replies":[{"embeddable":true,"href":"https:\/\/revistaalcaldesas.mx\/index.php?rest_route=%2Fwp%2Fv2%2Fcomments&post=22745"}],"version-history":[{"count":1,"href":"https:\/\/revistaalcaldesas.mx\/index.php?rest_route=\/wp\/v2\/posts\/22745\/revisions"}],"predecessor-version":[{"id":22747,"href":"https:\/\/revistaalcaldesas.mx\/index.php?rest_route=\/wp\/v2\/posts\/22745\/revisions\/22747"}],"wp:featuredmedia":[{"embeddable":true,"href":"https:\/\/revistaalcaldesas.mx\/index.php?rest_route=\/wp\/v2\/media\/22746"}],"wp:attachment":[{"href":"https:\/\/revistaalcaldesas.mx\/index.php?rest_route=%2Fwp%2Fv2%2Fmedia&parent=22745"}],"wp:term":[{"taxonomy":"category","embeddable":true,"href":"https:\/\/revistaalcaldesas.mx\/index.php?rest_route=%2Fwp%2Fv2%2Fcategories&post=22745"},{"taxonomy":"post_tag","embeddable":true,"href":"https:\/\/revistaalcaldesas.mx\/index.php?rest_route=%2Fwp%2Fv2%2Ftags&post=22745"}],"curies":[{"name":"wp","href":"https:\/\/api.w.org\/{rel}","templated":true}]}}