{"id":22782,"date":"2025-09-15T19:35:28","date_gmt":"2025-09-16T01:35:28","guid":{"rendered":"https:\/\/revistaalcaldesas.mx\/?p=22782"},"modified":"2025-09-15T19:35:28","modified_gmt":"2025-09-16T01:35:28","slug":"mario-delgado-avanza-la-transformacion-educativa-en-los-estados-mario_delgadosep_mx","status":"publish","type":"post","link":"https:\/\/revistaalcaldesas.mx\/?p=22782","title":{"rendered":"Mario Delgado: Avanza la transformaci\u00f3n educativa en los estados \/ @mario_delgado@SEP_mx >>>"},"content":{"rendered":"\n<p><strong>#SEP.-<\/strong> El secretario de Educaci\u00f3n P\u00fablica, Mario Delgado Carrillo, inform\u00f3 que durante su visita de trabajo realizada este fin de semana, junto a la Presidenta Claudia Sheinbaum Pardo, en los estados de Puebla, Tlaxcala, Hidalgo, San Luis Potos\u00ed, Quer\u00e9taro, Michoac\u00e1n y Estado de M\u00e9xico, se ratific\u00f3 el compromiso del Gobierno de M\u00e9xico con la educaci\u00f3n como eje fundamental de la transformaci\u00f3n nacional.<\/p>\n\n\n\n<p>Delgado Carrillo asegur\u00f3 que la educaci\u00f3n es la ruta m\u00e1s adecuada para construir un pa\u00eds con mayor equidad e inclusi\u00f3n. Reiter\u00f3 que los resultados alcanzados en este primer a\u00f1o de gobierno son muestra de que la Cuarta Transformaci\u00f3n tiene en la educaci\u00f3n a su principal aliada para lograr bienestar y justicia social.<\/p>\n\n\n\n<p>Destac\u00f3 que, en cada entidad, la Jefa del Ejecutivo Federal subray\u00f3 que la educaci\u00f3n p\u00fablica, gratuita, laica y de calidad es un derecho consagrado en la Constituci\u00f3n y una prioridad de su administraci\u00f3n. Se\u00f1al\u00f3 que los programas sociales, las becas educativas, la entrega de libros de texto gratuitos y la mejora en la infraestructura escolar son herramientas esenciales para garantizar igualdad de oportunidades en todo el pa\u00eds.<\/p>\n\n\n\n<p>El titular de la SEP dijo que en Puebla los resultados en educaci\u00f3n son concretos: m\u00e1s de 600 mil estudiantes de secundaria reciben la Beca Universal Rita Cetina, 300 mil cuentan con la Beca Universal Benito Ju\u00e1rez y 29,455 se benefician con la Beca J\u00f3venes Escribiendo el Futuro. El programa La Escuela es Nuestra (LEEN) llega a m\u00e1s de 4 mil planteles de Educaci\u00f3n B\u00e1sica y a 615 de bachillerato, beneficiando a casi 700 mil estudiantes. Adem\u00e1s, se construye un nuevo plantel de Bachillerato Nacional y se ampl\u00eda una preparatoria para garantizar m\u00e1s espacios de Educaci\u00f3n Media Superior.<\/p>\n\n\n\n<p>Delgado Carrillo explic\u00f3 que en Tlaxcala se hizo \u00e9nfasis en el fortalecimiento de las becas a estudiantes de Educaci\u00f3n B\u00e1sica, Media Superior y Superior, lo que ha permitido ampliar la cobertura y evitar la deserci\u00f3n escolar. Asimismo, se reconoci\u00f3 la importancia de LEEN como pol\u00edtica que fortalece la infraestructura escolar y fomenta la participaci\u00f3n comunitaria.<\/p>\n\n\n\n<p><strong>#RevistaAlcaldesasMX &#8211;<\/strong> <a href=\"https:\/\/www.facebook.com\/ReAlcaldesasMX\/?__cft__%5b0%5d=AZWCUCopFg6uwR0bar1lA5XOJDPQGbidw7wMESZ9jhjdgQV18UtYzQs5AhW_9gKv6fQhGkof0nlpv0MZSyvZzAtfVQ-kGlKeGnKn1eftLPF_WZz9fv1hNrBXsDhp_akqGslhCB-zuNpCEIlXRqVKVrqMHVfqLWGFKazjuYuOAozwrbcMy0TfH-lcgDWV1GCIoPkxNjje6YZc-2SSWfdVSK2r&amp;__tn__=-UC%2CP-R\"><strong>Revista Alcaldesas MX<\/strong><\/a><\/p>\n","protected":false},"excerpt":{"rendered":"<p>#SEP.- El secretario de Educaci\u00f3n P\u00fablica, Mario Delgado Carrillo, inform\u00f3 que durante su visita de trabajo realizada este fin de semana, junto a la Presidenta Claudia Sheinbaum Pardo, en los estados de Puebla, Tlaxcala, Hidalgo, San Luis Potos\u00ed, Quer\u00e9taro, Michoac\u00e1n y Estado de M\u00e9xico, se ratific\u00f3 el compromiso del Gobierno<span class=\"more-link\"><a href=\"https:\/\/revistaalcaldesas.mx\/?p=22782\">Continuar leyendo<\/a><\/span><\/p>\n","protected":false},"author":6,"featured_media":22783,"comment_status":"open","ping_status":"open","sticky":false,"template":"","format":"standard","meta":{"rop_custom_images_group":[],"rop_custom_messages_group":[],"rop_publish_now":"no","rop_publish_now_accounts":{"facebook_540786660636400_100634987996574":""},"rop_publish_now_history":[{"account":"facebook_540786660636400_100634987996574","service":"facebook","timestamp":1757986549,"status":"success"}],"rop_publish_now_status":"done","footnotes":""},"categories":[32],"tags":[1161,724,725,147,625,726],"class_list":["entry","author-difusion","post-22782","post","type-post","status-publish","format-standard","has-post-thumbnail","category-secretarias-de-gobierno","tag-claudia-sheinbaum-pardo","tag-en-vivo","tag-enterate","tag-gobierno-de-mexico","tag-secretaria-de-educacion-publica","tag-ultima-hora"],"_links":{"self":[{"href":"https:\/\/revistaalcaldesas.mx\/index.php?rest_route=\/wp\/v2\/posts\/22782","targetHints":{"allow":["GET"]}}],"collection":[{"href":"https:\/\/revistaalcaldesas.mx\/index.php?rest_route=\/wp\/v2\/posts"}],"about":[{"href":"https:\/\/revistaalcaldesas.mx\/index.php?rest_route=\/wp\/v2\/types\/post"}],"author":[{"embeddable":true,"href":"https:\/\/revistaalcaldesas.mx\/index.php?rest_route=\/wp\/v2\/users\/6"}],"replies":[{"embeddable":true,"href":"https:\/\/revistaalcaldesas.mx\/index.php?rest_route=%2Fwp%2Fv2%2Fcomments&post=22782"}],"version-history":[{"count":1,"href":"https:\/\/revistaalcaldesas.mx\/index.php?rest_route=\/wp\/v2\/posts\/22782\/revisions"}],"predecessor-version":[{"id":22784,"href":"https:\/\/revistaalcaldesas.mx\/index.php?rest_route=\/wp\/v2\/posts\/22782\/revisions\/22784"}],"wp:featuredmedia":[{"embeddable":true,"href":"https:\/\/revistaalcaldesas.mx\/index.php?rest_route=\/wp\/v2\/media\/22783"}],"wp:attachment":[{"href":"https:\/\/revistaalcaldesas.mx\/index.php?rest_route=%2Fwp%2Fv2%2Fmedia&parent=22782"}],"wp:term":[{"taxonomy":"category","embeddable":true,"href":"https:\/\/revistaalcaldesas.mx\/index.php?rest_route=%2Fwp%2Fv2%2Fcategories&post=22782"},{"taxonomy":"post_tag","embeddable":true,"href":"https:\/\/revistaalcaldesas.mx\/index.php?rest_route=%2Fwp%2Fv2%2Ftags&post=22782"}],"curies":[{"name":"wp","href":"https:\/\/api.w.org\/{rel}","templated":true}]}}