{"id":22797,"date":"2025-09-16T18:52:21","date_gmt":"2025-09-17T00:52:21","guid":{"rendered":"https:\/\/revistaalcaldesas.mx\/?p=22797"},"modified":"2025-09-16T18:52:21","modified_gmt":"2025-09-17T00:52:21","slug":"issste-actualiza-estado-de-salud-de-heridos-por-explosion-en-iztapalapa-martibatres-issste_mx","status":"publish","type":"post","link":"https:\/\/revistaalcaldesas.mx\/?p=22797","title":{"rendered":"ISSSTE actualiza estado de salud de heridos por explosi\u00f3n en Iztapalapa \/ @martibatres @ISSSTE_mx >>>"},"content":{"rendered":"\n<p><strong>#ISSSTE.- <\/strong>El director general del Instituto de Seguridad y Servicios Sociales de los Trabajadores del Estado (ISSSTE), Mart\u00ed Batres Guadarrama, inform\u00f3 en relaci\u00f3n con las personas afectadas por la explosi\u00f3n e incendio de una pipa de gas en el Puente de la Concordia, Iztapalapa, que la madrugada de este martes 16 de septiembre falleci\u00f3 una persona atendida en el Hospital Regional \u201cGral. Ignacio Zaragoza\u201d, tras presentar falla org\u00e1nica m\u00faltiple.<\/p>\n\n\n\n<p>Cinco personas contin\u00faan hospitalizadas en unidades m\u00e9dicas del ISSSTE, donde reciben atenci\u00f3n especializada, sin distinci\u00f3n entre derechohabientes y no derechohabientes.<\/p>\n\n\n\n<ul class=\"wp-block-list\">\n<li>En el Hospital \u201cGral. Ignacio Zaragoza\u201d permanecen tres pacientes: dos graves y uno delicado estable.<\/li>\n\n\n\n<li>En el Hospital General de Tl\u00e1huac, un paciente est\u00e1 grave pero estable.<\/li>\n\n\n\n<li>En el Centro M\u00e9dico Nacional \u201c20 de Noviembre\u201d, el paciente se mantiene muy grave.<\/li>\n<\/ul>\n\n\n\n<p>El ISSSTE reiter\u00f3 que desde el primer momento ha brindado atenci\u00f3n oportuna y continuar\u00e1 el seguimiento ambulatorio de los pacientes dados de alta hasta su recuperaci\u00f3n total.<\/p>\n\n\n\n<p><strong>#RevistaAlcaldesasMX &#8211;<\/strong> <a href=\"https:\/\/www.facebook.com\/ReAlcaldesasMX\/?__cft__%5b0%5d=AZWCUCopFg6uwR0bar1lA5XOJDPQGbidw7wMESZ9jhjdgQV18UtYzQs5AhW_9gKv6fQhGkof0nlpv0MZSyvZzAtfVQ-kGlKeGnKn1eftLPF_WZz9fv1hNrBXsDhp_akqGslhCB-zuNpCEIlXRqVKVrqMHVfqLWGFKazjuYuOAozwrbcMy0TfH-lcgDWV1GCIoPkxNjje6YZc-2SSWfdVSK2r&amp;__tn__=-UC%2CP-R\"><strong>Revista Alcaldesas MX<\/strong><\/a><\/p>\n","protected":false},"excerpt":{"rendered":"<p>#ISSSTE.- El director general del Instituto de Seguridad y Servicios Sociales de los Trabajadores del Estado (ISSSTE), Mart\u00ed Batres Guadarrama, inform\u00f3 en relaci\u00f3n con las personas afectadas por la explosi\u00f3n e incendio de una pipa de gas en el Puente de la Concordia, Iztapalapa, que la madrugada de este martes<span class=\"more-link\"><a href=\"https:\/\/revistaalcaldesas.mx\/?p=22797\">Continuar leyendo<\/a><\/span><\/p>\n","protected":false},"author":6,"featured_media":22798,"comment_status":"open","ping_status":"open","sticky":false,"template":"","format":"standard","meta":{"rop_custom_images_group":[],"rop_custom_messages_group":[],"rop_publish_now":"no","rop_publish_now_accounts":{"facebook_540786660636400_100634987996574":""},"rop_publish_now_history":[{"account":"facebook_540786660636400_100634987996574","service":"facebook","timestamp":1758070363,"status":"success"}],"rop_publish_now_status":"done","footnotes":""},"categories":[32],"tags":[1161,724,725,147,1070,855,105,95,73,726,723],"class_list":["entry","author-difusion","post-22797","post","type-post","status-publish","format-standard","has-post-thumbnail","category-secretarias-de-gobierno","tag-claudia-sheinbaum-pardo","tag-en-vivo","tag-enterate","tag-gobierno-de-mexico","tag-issste","tag-revista-alcaldesas-mx-2","tag-secretaria-de-cultura","tag-secretaria-de-economia","tag-tecamac","tag-ultima-hora","tag-ultimas-noticias"],"_links":{"self":[{"href":"https:\/\/revistaalcaldesas.mx\/index.php?rest_route=\/wp\/v2\/posts\/22797","targetHints":{"allow":["GET"]}}],"collection":[{"href":"https:\/\/revistaalcaldesas.mx\/index.php?rest_route=\/wp\/v2\/posts"}],"about":[{"href":"https:\/\/revistaalcaldesas.mx\/index.php?rest_route=\/wp\/v2\/types\/post"}],"author":[{"embeddable":true,"href":"https:\/\/revistaalcaldesas.mx\/index.php?rest_route=\/wp\/v2\/users\/6"}],"replies":[{"embeddable":true,"href":"https:\/\/revistaalcaldesas.mx\/index.php?rest_route=%2Fwp%2Fv2%2Fcomments&post=22797"}],"version-history":[{"count":1,"href":"https:\/\/revistaalcaldesas.mx\/index.php?rest_route=\/wp\/v2\/posts\/22797\/revisions"}],"predecessor-version":[{"id":22799,"href":"https:\/\/revistaalcaldesas.mx\/index.php?rest_route=\/wp\/v2\/posts\/22797\/revisions\/22799"}],"wp:featuredmedia":[{"embeddable":true,"href":"https:\/\/revistaalcaldesas.mx\/index.php?rest_route=\/wp\/v2\/media\/22798"}],"wp:attachment":[{"href":"https:\/\/revistaalcaldesas.mx\/index.php?rest_route=%2Fwp%2Fv2%2Fmedia&parent=22797"}],"wp:term":[{"taxonomy":"category","embeddable":true,"href":"https:\/\/revistaalcaldesas.mx\/index.php?rest_route=%2Fwp%2Fv2%2Fcategories&post=22797"},{"taxonomy":"post_tag","embeddable":true,"href":"https:\/\/revistaalcaldesas.mx\/index.php?rest_route=%2Fwp%2Fv2%2Ftags&post=22797"}],"curies":[{"name":"wp","href":"https:\/\/api.w.org\/{rel}","templated":true}]}}