{"id":23097,"date":"2025-10-22T20:15:23","date_gmt":"2025-10-23T02:15:23","guid":{"rendered":"https:\/\/revistaalcaldesas.mx\/?p=23097"},"modified":"2025-10-29T13:17:27","modified_gmt":"2025-10-29T19:17:27","slug":"transformaremos-cada-rincon-de-tultitlan-ana-castro-al-entregar-calle-en-unidad-morelos-25_27tultitlan","status":"publish","type":"post","link":"https:\/\/revistaalcaldesas.mx\/?p=23097","title":{"rendered":"\u00abTransformaremos cada rinc\u00f3n de Tultitl\u00e1n\u00bb: Ana Castro al entregar calle en Unidad Morelos \/ @25_27Tultitlan >>>"},"content":{"rendered":"\n<p><strong>#Tultitl\u00e1n, #EstadoDeM\u00e9xico<\/strong>.-&nbsp;La Presidenta Municipal de Tultitl\u00e1n, <strong>Ana Castro Fern\u00e1ndez<\/strong>, concret\u00f3 un <strong>compromiso ciudadano<\/strong> con la entrega formal de la pavimentaci\u00f3n en la Calle Rayo, ubicada en la Unidad Morelos Tercera Secci\u00f3n. La obra, que incluye diversas acciones complementarias, fue catalogada por la alcaldesa como un s\u00edmbolo que \u00abrepresenta el compromiso de seguir transformando cada rinc\u00f3n de Tultitl\u00e1n\u00bb. Este proyecto esencial dignifica un espacio que por mucho tiempo fue una solicitud constante de los habitantes.<\/p>\n\n\n\n<p>La ejecuci\u00f3n de esta importante vialidad, largamente anhelada por la ciudadan\u00eda, se materializa ahora como una <strong>realidad tangible<\/strong> gracias a la coordinaci\u00f3n de esfuerzos y la renovada confianza en la gesti\u00f3n gubernamental. La titular del Ejecutivo local hizo un reconocimiento directo: \u00abMi m\u00e1s sincero agradecimiento a todas las personas que han cre\u00eddo en este gobierno y han sido pacientes durante el proceso de obra\u00bb. La funcionaria tambi\u00e9n inst\u00f3 a los vecinos a ser custodios del patrimonio: \u00ab\u00a1Gracias por cuidar de nuestras calles y por ayudarnos a mantenerlas en buen estado!\u00bb.<\/p>\n\n\n<div class=\"wp-block-image\">\n<figure class=\"aligncenter size-medium\"><img decoding=\"async\" src=\"https:\/\/elmexiquense.vip\/wp-content\/uploads\/2025\/10\/ana-2-3-300x200.jpg\" alt=\"\" class=\"wp-image-40406\"\/><\/figure>\n<\/div>\n\n\n<p>Cada acci\u00f3n de rehabilitaci\u00f3n vial emprendida por la administraci\u00f3n municipal contribuye directamente a <strong>mejorar la movilidad<\/strong> de la zona, a fortalecer las condiciones de seguridad p\u00fablica y, fundamentalmente, a dignificar los espacios comunitarios. La <strong>Alcaldesa<\/strong> enfatiz\u00f3 la naturaleza irrenunciable de estas obras, distanci\u00e1ndolas de cualquier acto de favor, al afirmar con claridad: \u00abEsto no es un favor, es un derecho, y estamos aqu\u00ed para garantizar que ese derecho se cumpla\u00bb.<\/p>\n\n\n\n<p>El mensaje final de <strong>Ana Castro Fern\u00e1ndez<\/strong> reitera la vocaci\u00f3n de servicio de su equipo y su determinaci\u00f3n de continuar la <strong>agenda de infraestructura<\/strong> en beneficio colectivo. Con un enfoque humanizado, la administraci\u00f3n de Tultitl\u00e1n mantiene su labor diaria con la meta fija en el bienestar de sus habitantes. \u00abSeguimos trabajando por un Tultitl\u00e1n con calles seguras, funcionales y dignas para todas y todos\u00bb, concluy\u00f3 la mandataria local.<\/p>\n\n\n\n<p><strong>#RevistaAlcaldesasMX \u2013<\/strong>\u00a0<a href=\"https:\/\/www.facebook.com\/ReAlcaldesasMX\/?__cft__%5b0%5d=AZWCUCopFg6uwR0bar1lA5XOJDPQGbidw7wMESZ9jhjdgQV18UtYzQs5AhW_9gKv6fQhGkof0nlpv0MZSyvZzAtfVQ-kGlKeGnKn1eftLPF_WZz9fv1hNrBXsDhp_akqGslhCB-zuNpCEIlXRqVKVrqMHVfqLWGFKazjuYuOAozwrbcMy0TfH-lcgDWV1GCIoPkxNjje6YZc-2SSWfdVSK2r&amp;__tn__=-UC%2CP-R\"><strong>Revista Alcaldesas MX<\/strong><\/a><\/p>\n\n\n<div class=\"wp-block-image\">\n<figure class=\"aligncenter size-full\"><img decoding=\"async\" src=\"https:\/\/elmexiquense.vip\/wp-content\/uploads\/2025\/10\/ana-1-2-e1760980471975.jpg\" alt=\"\" class=\"wp-image-40407\"\/><\/figure>\n<\/div>","protected":false},"excerpt":{"rendered":"<p>#Tultitl\u00e1n, #EstadoDeM\u00e9xico.-&nbsp;La Presidenta Municipal de Tultitl\u00e1n, Ana Castro Fern\u00e1ndez, concret\u00f3 un compromiso ciudadano con la entrega formal de la pavimentaci\u00f3n en la Calle Rayo, ubicada en la Unidad Morelos Tercera Secci\u00f3n. La obra, que incluye diversas acciones complementarias, fue catalogada por la alcaldesa como un s\u00edmbolo que \u00abrepresenta el compromiso<span class=\"more-link\"><a href=\"https:\/\/revistaalcaldesas.mx\/?p=23097\">Continuar leyendo<\/a><\/span><\/p>\n","protected":false},"author":1,"featured_media":23098,"comment_status":"open","ping_status":"open","sticky":false,"template":"","format":"standard","meta":{"rop_custom_images_group":[],"rop_custom_messages_group":[],"rop_publish_now":"no","rop_publish_now_accounts":{"facebook_540786660636400_100634987996574":""},"rop_publish_now_history":[{"account":"facebook_540786660636400_100634987996574","service":"facebook","timestamp":1760980984,"status":"success"}],"rop_publish_now_status":"done","footnotes":""},"categories":[1113],"tags":[87,1169,1156,1161,198,212,724,1192,147,111,1145,153,1165,855,1168,1044,723],"class_list":["entry","author-miangelzorro","post-23097","post","type-post","status-publish","format-standard","has-post-thumbnail","category-municipios-2","tag-amlo","tag-ana-castro-fernandez","tag-andres-manuel-lopez-beltran","tag-claudia-sheinbaum-pardo","tag-delfina-gomez-alvarez","tag-dif-tultitlan","tag-en-vivo","tag-enterate-2","tag-gobierno-de-mexico","tag-gobierno-del-estado-de-mexico","tag-katia-michel-ramirez-r","tag-luisa-maria-alcalde-lujan","tag-noticias-tultitlan","tag-revista-alcaldesas-mx-2","tag-roberto-escobar-calderon","tag-ultimahora","tag-ultimas-noticias"],"_links":{"self":[{"href":"https:\/\/revistaalcaldesas.mx\/index.php?rest_route=\/wp\/v2\/posts\/23097","targetHints":{"allow":["GET"]}}],"collection":[{"href":"https:\/\/revistaalcaldesas.mx\/index.php?rest_route=\/wp\/v2\/posts"}],"about":[{"href":"https:\/\/revistaalcaldesas.mx\/index.php?rest_route=\/wp\/v2\/types\/post"}],"author":[{"embeddable":true,"href":"https:\/\/revistaalcaldesas.mx\/index.php?rest_route=\/wp\/v2\/users\/1"}],"replies":[{"embeddable":true,"href":"https:\/\/revistaalcaldesas.mx\/index.php?rest_route=%2Fwp%2Fv2%2Fcomments&post=23097"}],"version-history":[{"count":1,"href":"https:\/\/revistaalcaldesas.mx\/index.php?rest_route=\/wp\/v2\/posts\/23097\/revisions"}],"predecessor-version":[{"id":23099,"href":"https:\/\/revistaalcaldesas.mx\/index.php?rest_route=\/wp\/v2\/posts\/23097\/revisions\/23099"}],"wp:featuredmedia":[{"embeddable":true,"href":"https:\/\/revistaalcaldesas.mx\/index.php?rest_route=\/wp\/v2\/media\/23098"}],"wp:attachment":[{"href":"https:\/\/revistaalcaldesas.mx\/index.php?rest_route=%2Fwp%2Fv2%2Fmedia&parent=23097"}],"wp:term":[{"taxonomy":"category","embeddable":true,"href":"https:\/\/revistaalcaldesas.mx\/index.php?rest_route=%2Fwp%2Fv2%2Fcategories&post=23097"},{"taxonomy":"post_tag","embeddable":true,"href":"https:\/\/revistaalcaldesas.mx\/index.php?rest_route=%2Fwp%2Fv2%2Ftags&post=23097"}],"curies":[{"name":"wp","href":"https:\/\/api.w.org\/{rel}","templated":true}]}}