{"id":23296,"date":"2025-11-10T19:31:28","date_gmt":"2025-11-11T01:31:28","guid":{"rendered":"https:\/\/revistaalcaldesas.mx\/?p=23296"},"modified":"2025-11-10T19:31:28","modified_gmt":"2025-11-11T01:31:28","slug":"guerrero-acapulco-impulsa-el-arte-mundial-con-el-festival-internacional-la-nao-abelinalopezr","status":"publish","type":"post","link":"https:\/\/revistaalcaldesas.mx\/?p=23296","title":{"rendered":"Guerrero, Acapulco impulsa el arte mundial con el Festival Internacional La Nao \/ @AbelinaLopezR"},"content":{"rendered":"\n<p class=\"wp-block-paragraph\"><strong>#Acapulco, #Gro.-<\/strong> Este domingo dio inicio la <strong>edici\u00f3n n\u00famero 18 del Festival Internacional La Nao<\/strong>, uno de los eventos culturales m\u00e1s representativos del puerto. La jornada inaugural cont\u00f3 con la participaci\u00f3n estelar del cantante colombiano <strong>Charlie Zaa<\/strong>, quien deleit\u00f3 al p\u00fablico con su reconocido repertorio rom\u00e1ntico, marcando as\u00ed el comienzo de una semana dedicada al arte, la m\u00fasica y la cultura.<\/p>\n\n\n\n<p class=\"wp-block-paragraph\">Durante la ceremonia oficial de apertura, la <strong>presidenta municipal Abelina L\u00f3pez Rodr\u00edguez<\/strong> encabez\u00f3 el acto junto al <strong>Embajador de Hungr\u00eda en M\u00e9xico, Zolt\u00e1n N\u00e9meth<\/strong>, y al <strong>Embajador de la Rep\u00fablica de Colombia, Carlos Fernando Garc\u00eda<\/strong>. Tambi\u00e9n estuvieron presentes autoridades de los tres \u00f3rdenes de gobierno, as\u00ed como funcionarios municipales, quienes refrendaron su compromiso con la promoci\u00f3n cultural y el fortalecimiento de los lazos internacionales.<\/p>\n\n\n\n<p class=\"wp-block-paragraph\">En el marco del festival, se inauguraron en la <strong>galer\u00eda de usos m\u00faltiples<\/strong> y en los <strong>jardines del Fuerte de San Diego<\/strong> dos exposiciones dedicadas al destacado artista h\u00fangaro <strong>P\u00e1l Kepenyes<\/strong>, figura fundamental del arte contempor\u00e1neo. Adem\u00e1s, se present\u00f3 una muestra colectiva de <strong>creadores locales<\/strong>, en la que se exhiben obras que reflejan la identidad, el color y la riqueza cultural de Acapulco. Estas exposiciones permanecer\u00e1n abiertas al p\u00fablico durante toda la semana.<\/p>\n\n\n\n<p class=\"wp-block-paragraph\">Las autoridades destacaron que \u201c<strong>La Nao es un espacio de encuentro entre culturas hermanas<\/strong>\u201d, subrayando el papel del festival como un puente que une tradiciones, expresiones art\u00edsticas y pueblos a trav\u00e9s del di\u00e1logo y la creatividad. Asimismo, reconocieron la importancia de fortalecer la participaci\u00f3n ciudadana en actividades que promuevan la convivencia y el orgullo por las ra\u00edces guerrerenses.<\/p>\n\n\n\n<p class=\"wp-block-paragraph\">El <strong>Festival Internacional La Nao 2025<\/strong> continuar\u00e1 con su programaci\u00f3n hasta el <strong>s\u00e1bado 15 de noviembre<\/strong>, ofreciendo conciertos, presentaciones esc\u00e9nicas, talleres y conferencias. Se invita a la ciudadan\u00eda a <strong>consultar la cartelera oficial<\/strong>, conocer las actividades programadas y asistir en familia para disfrutar de una celebraci\u00f3n que reafirma a Acapulco como un referente cultural en M\u00e9xico y el mundo.<\/p>\n\n\n\n<p class=\"wp-block-paragraph\"><strong>#RevistaAlcaldesasMX &#8211;<\/strong> <a href=\"https:\/\/www.facebook.com\/ReAlcaldesasMX\/?__cft__%5b0%5d=AZWCUCopFg6uwR0bar1lA5XOJDPQGbidw7wMESZ9jhjdgQV18UtYzQs5AhW_9gKv6fQhGkof0nlpv0MZSyvZzAtfVQ-kGlKeGnKn1eftLPF_WZz9fv1hNrBXsDhp_akqGslhCB-zuNpCEIlXRqVKVrqMHVfqLWGFKazjuYuOAozwrbcMy0TfH-lcgDWV1GCIoPkxNjje6YZc-2SSWfdVSK2r&amp;__tn__=-UC%2CP-R\"><strong>Revista Alcaldesas MX<\/strong><\/a><\/p>\n","protected":false},"excerpt":{"rendered":"<p>#Acapulco, #Gro.- Este domingo dio inicio la edici\u00f3n n\u00famero 18 del Festival Internacional La Nao, uno de los eventos culturales m\u00e1s representativos del puerto. La jornada inaugural cont\u00f3 con la participaci\u00f3n estelar del cantante colombiano Charlie Zaa, quien deleit\u00f3 al p\u00fablico con su reconocido repertorio rom\u00e1ntico, marcando as\u00ed el comienzo<span class=\"more-link\"><a href=\"https:\/\/revistaalcaldesas.mx\/?p=23296\">Continuar leyendo<\/a><\/span><\/p>\n","protected":false},"author":6,"featured_media":23297,"comment_status":"open","ping_status":"open","sticky":false,"template":"","format":"standard","meta":{"rop_custom_images_group":[],"rop_custom_messages_group":[],"rop_publish_now":"no","rop_publish_now_accounts":{"facebook_540786660636400_100634987996574":""},"rop_publish_now_history":[{"account":"facebook_540786660636400_100634987996574","service":"facebook","timestamp":1762824723,"status":"success"}],"rop_publish_now_status":"done","footnotes":""},"categories":[28],"tags":[1058,135,1161,198,724,725,147,1070,855,105,95,73,726,723],"class_list":["entry","author-difusion","post-23296","post","type-post","status-publish","format-standard","has-post-thumbnail","category-alcaldesa-sobresaliente","tag-abelina-lopez-rodriguez","tag-acapulco","tag-claudia-sheinbaum-pardo","tag-delfina-gomez-alvarez","tag-en-vivo","tag-enterate","tag-gobierno-de-mexico","tag-issste","tag-revista-alcaldesas-mx-2","tag-secretaria-de-cultura","tag-secretaria-de-economia","tag-tecamac","tag-ultima-hora","tag-ultimas-noticias"],"_links":{"self":[{"href":"https:\/\/revistaalcaldesas.mx\/index.php?rest_route=\/wp\/v2\/posts\/23296","targetHints":{"allow":["GET"]}}],"collection":[{"href":"https:\/\/revistaalcaldesas.mx\/index.php?rest_route=\/wp\/v2\/posts"}],"about":[{"href":"https:\/\/revistaalcaldesas.mx\/index.php?rest_route=\/wp\/v2\/types\/post"}],"author":[{"embeddable":true,"href":"https:\/\/revistaalcaldesas.mx\/index.php?rest_route=\/wp\/v2\/users\/6"}],"replies":[{"embeddable":true,"href":"https:\/\/revistaalcaldesas.mx\/index.php?rest_route=%2Fwp%2Fv2%2Fcomments&post=23296"}],"version-history":[{"count":1,"href":"https:\/\/revistaalcaldesas.mx\/index.php?rest_route=\/wp\/v2\/posts\/23296\/revisions"}],"predecessor-version":[{"id":23298,"href":"https:\/\/revistaalcaldesas.mx\/index.php?rest_route=\/wp\/v2\/posts\/23296\/revisions\/23298"}],"wp:featuredmedia":[{"embeddable":true,"href":"https:\/\/revistaalcaldesas.mx\/index.php?rest_route=\/wp\/v2\/media\/23297"}],"wp:attachment":[{"href":"https:\/\/revistaalcaldesas.mx\/index.php?rest_route=%2Fwp%2Fv2%2Fmedia&parent=23296"}],"wp:term":[{"taxonomy":"category","embeddable":true,"href":"https:\/\/revistaalcaldesas.mx\/index.php?rest_route=%2Fwp%2Fv2%2Fcategories&post=23296"},{"taxonomy":"post_tag","embeddable":true,"href":"https:\/\/revistaalcaldesas.mx\/index.php?rest_route=%2Fwp%2Fv2%2Ftags&post=23296"}],"curies":[{"name":"wp","href":"https:\/\/api.w.org\/{rel}","templated":true}]}}