{"id":23561,"date":"2025-12-07T18:02:38","date_gmt":"2025-12-08T00:02:38","guid":{"rendered":"https:\/\/revistaalcaldesas.mx\/?p=23561"},"modified":"2025-12-07T18:03:35","modified_gmt":"2025-12-08T00:03:35","slug":"asigna-issste-mas-de-13-mil-prestamos-personales-martibatres-issste_mx","status":"publish","type":"post","link":"https:\/\/revistaalcaldesas.mx\/?p=23561","title":{"rendered":"Asigna ISSSTE m\u00e1s de 13 mil pr\u00e9stamos personales \/ @martibatres @ISSSTE_mx >>>"},"content":{"rendered":"\n<p class=\"wp-block-paragraph\"><strong>ISSSTE.-<\/strong> El Instituto de Seguridad y Servicios Sociales de los Trabajadores del Estado (<strong>ISSSTE<\/strong>), bajo la direcci\u00f3n de <strong>Mart\u00ed Batres Guadarrama<\/strong>, anunci\u00f3 la asignaci\u00f3n de <strong>13 mil 904 cr\u00e9ditos<\/strong> correspondientes al <em>Programa Anual de Pr\u00e9stamos Personales 2025<\/em>, reforzando su compromiso con el bienestar econ\u00f3mico de su derechohabiencia. En un esfuerzo por ampliar las oportunidades financieras, la instituci\u00f3n destac\u00f3 que los recursos se otorgaron \u00fanicamente a quienes cumplieron los requisitos establecidos. Este avance representa un impulso significativo para trabajadoras, trabajadores, personas pensionadas y jubiladas que requieren apoyo directo e inmediato. La transparencia del proceso se reafirma mediante la claridad de los mecanismos de registro y asignaci\u00f3n. Con ello, el ISSSTE consolida una pol\u00edtica p\u00fablica orientada a la estabilidad y tranquilidad financiera de miles de familias.<\/p>\n\n\n\n<p class=\"wp-block-paragraph\">La instituci\u00f3n detall\u00f3 que la distribuci\u00f3n de los cr\u00e9ditos abarc\u00f3 diversas modalidades, respondiendo as\u00ed a las necesidades espec\u00edficas de cada sector. Se otorgaron <strong>4 mil 567 pr\u00e9stamos ordinarios<\/strong>, <strong>682 exclusivos para pensionados<\/strong>, <strong>6 mil 179 pr\u00e9stamos especiales<\/strong> y <strong>2 mil 476 cr\u00e9ditos conmemorativos<\/strong>, fortaleciendo la inclusi\u00f3n financiera. Esta segmentaci\u00f3n permite que cada beneficiario acceda al tipo de apoyo que mejor se adec\u00fae a su situaci\u00f3n personal. Con ello, el programa reafirma su car\u00e1cter amplio y estrat\u00e9gico.<\/p>\n\n\n\n<p class=\"wp-block-paragraph\">Para iniciar la inscripci\u00f3n, las personas interesadas deben ingresar al portal institucional y seleccionar la pesta\u00f1a <strong>\u201cEcon\u00f3micas\u201d<\/strong>, donde encontrar\u00e1n la opci\u00f3n <strong>\u201cRegistro para asignaci\u00f3n\u201d<\/strong>, disponible en el sitio oficial <em>asissste.issste.gob.mx<\/em>. Este procedimiento garantiza orden y equidad en el otorgamiento de los cr\u00e9ditos. Se record\u00f3 adem\u00e1s que todos los tr\u00e1mites del ISSSTE son completamente gratuitos, sin gestores ni intermediarios. De esta manera, la instituci\u00f3n protege a la poblaci\u00f3n de pr\u00e1cticas indebidas y asegura procesos confiables.<\/p>\n\n\n\n<p class=\"wp-block-paragraph\">El organismo, dirigido por <strong>Mart\u00ed Batres Guadarrama<\/strong>, mantiene su misi\u00f3n de respaldar el bienestar financiero de la comunidad trabajadora del Estado. A trav\u00e9s de estos programas, se facilita el acceso a recursos econ\u00f3micos que pueden mejorar de forma inmediata la calidad de vida. El enfoque social y responsable contin\u00faa siendo la base de cada acci\u00f3n emprendida.<\/p>\n\n\n\n<p class=\"wp-block-paragraph\">La asignaci\u00f3n de pr\u00e9stamos 2025 confirma la solidez institucional del ISSSTE y su compromiso con quienes m\u00e1s lo necesitan. Este impulso financiero fortalece la estabilidad y proyecta un a\u00f1o de oportunidades para toda su derechohabiencia.<\/p>\n","protected":false},"excerpt":{"rendered":"<p>ISSSTE.- El Instituto de Seguridad y Servicios Sociales de los Trabajadores del Estado (ISSSTE), bajo la direcci\u00f3n de Mart\u00ed Batres Guadarrama, anunci\u00f3 la asignaci\u00f3n de 13 mil 904 cr\u00e9ditos correspondientes al Programa Anual de Pr\u00e9stamos Personales 2025, reforzando su compromiso con el bienestar econ\u00f3mico de su derechohabiencia. En un esfuerzo<span class=\"more-link\"><a href=\"https:\/\/revistaalcaldesas.mx\/?p=23561\">Continuar leyendo<\/a><\/span><\/p>\n","protected":false},"author":6,"featured_media":23562,"comment_status":"open","ping_status":"open","sticky":false,"template":"","format":"standard","meta":{"rop_custom_images_group":[],"rop_custom_messages_group":[],"rop_publish_now":"no","rop_publish_now_accounts":{"facebook_540786660636400_100634987996574":""},"rop_publish_now_history":[{"account":"facebook_540786660636400_100634987996574","service":"facebook","timestamp":1765152178,"status":"success"}],"rop_publish_now_status":"done","footnotes":""},"categories":[32],"tags":[1161,198,724,725,147,1070,855,1198,190,1193,105,95,625,222,73,726,723],"class_list":["entry","author-difusion","post-23561","post","type-post","status-publish","format-standard","has-post-thumbnail","category-secretarias-de-gobierno","tag-claudia-sheinbaum-pardo","tag-delfina-gomez-alvarez","tag-en-vivo","tag-enterate","tag-gobierno-de-mexico","tag-issste","tag-revista-alcaldesas-mx-2","tag-secretara-de-salud","tag-secretaria-de-bienestar","tag-secretaria-de-comunicaciones-y-transportes","tag-secretaria-de-cultura","tag-secretaria-de-economia","tag-secretaria-de-educacion-publica","tag-secretaria-de-gobernacion","tag-tecamac","tag-ultima-hora","tag-ultimas-noticias"],"_links":{"self":[{"href":"https:\/\/revistaalcaldesas.mx\/index.php?rest_route=\/wp\/v2\/posts\/23561","targetHints":{"allow":["GET"]}}],"collection":[{"href":"https:\/\/revistaalcaldesas.mx\/index.php?rest_route=\/wp\/v2\/posts"}],"about":[{"href":"https:\/\/revistaalcaldesas.mx\/index.php?rest_route=\/wp\/v2\/types\/post"}],"author":[{"embeddable":true,"href":"https:\/\/revistaalcaldesas.mx\/index.php?rest_route=\/wp\/v2\/users\/6"}],"replies":[{"embeddable":true,"href":"https:\/\/revistaalcaldesas.mx\/index.php?rest_route=%2Fwp%2Fv2%2Fcomments&post=23561"}],"version-history":[{"count":1,"href":"https:\/\/revistaalcaldesas.mx\/index.php?rest_route=\/wp\/v2\/posts\/23561\/revisions"}],"predecessor-version":[{"id":23563,"href":"https:\/\/revistaalcaldesas.mx\/index.php?rest_route=\/wp\/v2\/posts\/23561\/revisions\/23563"}],"wp:featuredmedia":[{"embeddable":true,"href":"https:\/\/revistaalcaldesas.mx\/index.php?rest_route=\/wp\/v2\/media\/23562"}],"wp:attachment":[{"href":"https:\/\/revistaalcaldesas.mx\/index.php?rest_route=%2Fwp%2Fv2%2Fmedia&parent=23561"}],"wp:term":[{"taxonomy":"category","embeddable":true,"href":"https:\/\/revistaalcaldesas.mx\/index.php?rest_route=%2Fwp%2Fv2%2Fcategories&post=23561"},{"taxonomy":"post_tag","embeddable":true,"href":"https:\/\/revistaalcaldesas.mx\/index.php?rest_route=%2Fwp%2Fv2%2Ftags&post=23561"}],"curies":[{"name":"wp","href":"https:\/\/api.w.org\/{rel}","templated":true}]}}