{"id":23667,"date":"2025-12-16T19:53:26","date_gmt":"2025-12-17T01:53:26","guid":{"rendered":"https:\/\/revistaalcaldesas.mx\/?p=23667"},"modified":"2025-12-16T19:53:26","modified_gmt":"2025-12-17T01:53:26","slug":"ana-paty-peralta-refuerza-escuelas-seguras-en-benito-juarez-quintana-roo-anapatyp-aytocancun","status":"publish","type":"post","link":"https:\/\/revistaalcaldesas.mx\/?p=23667","title":{"rendered":"Ana Paty Peralta refuerza escuelas seguras en Benito Ju\u00e1rez, Quintana Roo \/ @anapatyp @AytoCancun >>>"},"content":{"rendered":"\n<p class=\"wp-block-paragraph\"><strong>#Canc\u00fan, #QRoo.-<\/strong> Para continuar fortaleciendo el bienestar integral de las juventudes, el Ayuntamiento de Benito Ju\u00e1rez acerc\u00f3 a la Escuela Secundaria General \u201cCarlos Fuentes\u201d, en la Supermanzana 259, el Taller de Salud Mental y Prevenci\u00f3n de Adicciones, como parte del programa \u201cYo No Soy C\u00f3mplice\u201d.<\/p>\n\n\n\n<p class=\"wp-block-paragraph\">En esta tarde, el titular del Instituto contra las Adicciones (IMCA), Alberto Ortu\u00f1o B\u00e1ez, en representaci\u00f3n de la Presidenta Municipal, Ana Paty Peralta, inform\u00f3 que es la tercera etapa de dicha campa\u00f1a, la cual contempla orientaci\u00f3n, experiencias de realidad virtual y talleres formativos.<\/p>\n\n\n\n<p class=\"wp-block-paragraph\">\u201cCada vez hay m\u00e1s casos de adicciones, de violencias y de acoso a edades m\u00e1s tempranas, y eso los aleja de un futuro brillante. Por eso creemos que es importante platicar a tiempo, para que sepan los riesgos y sepan decir \u201cNo\u201d a tiempo y alejarse de actitudes autodestructivas\u201d, coment\u00f3.<\/p>\n\n\n\n<p class=\"wp-block-paragraph\">Tambi\u00e9n, dijo que los estudiantes no est\u00e1n solos, que cuentan con el gobierno municipal, con sus maestros y con el respaldo de sus familias para acompa\u00f1arlos, guiarlos y apoyarles en la construcci\u00f3n de sus sue\u00f1os y de un mejor futuro.<\/p>\n\n\n\n<p class=\"wp-block-paragraph\">Por su parte, el director de la instituci\u00f3n educativa, Eduardo Quintana, agradeci\u00f3 ser parte de estos proyectos que fortalecen los valores y reiter\u00f3 su compromiso de continuar trabajando en equipo en beneficio de esta casa de estudios.<\/p>\n\n\n\n<p class=\"wp-block-paragraph\">Tras las intervenciones del pres\u00eddium, autoridades municipales realizaron la entrega de un reconocimiento \u201cYo No Soy C\u00f3mplice\u201d al plantel, por su destacada colaboraci\u00f3n en esta campa\u00f1a y a su firme compromiso con la promoci\u00f3n de un entorno escolar positivo, seguro y saludable.<\/p>\n\n\n\n<p class=\"wp-block-paragraph\">Durante esta actividad, realizada en el domo de la secundaria, alumnas y alumnos participaron en mesas de trabajo colaborativas enfocadas en la prevenci\u00f3n de adicciones, el manejo de la ansiedad, la atenci\u00f3n a la depresi\u00f3n, la erradicaci\u00f3n del acoso escolar, entre otros, fomentando el di\u00e1logo, la empat\u00eda y la corresponsabilidad entre ellos.&nbsp;&nbsp;<\/p>\n\n\n\n<p class=\"wp-block-paragraph\"><strong>#RevistaAlcaldesasMX &#8211;<\/strong> <a href=\"https:\/\/www.facebook.com\/ReAlcaldesasMX\/?__cft__%5b0%5d=AZWCUCopFg6uwR0bar1lA5XOJDPQGbidw7wMESZ9jhjdgQV18UtYzQs5AhW_9gKv6fQhGkof0nlpv0MZSyvZzAtfVQ-kGlKeGnKn1eftLPF_WZz9fv1hNrBXsDhp_akqGslhCB-zuNpCEIlXRqVKVrqMHVfqLWGFKazjuYuOAozwrbcMy0TfH-lcgDWV1GCIoPkxNjje6YZc-2SSWfdVSK2r&amp;__tn__=-UC%2CP-R\"><strong>Revista Alcaldesas MX<\/strong><\/a><\/p>\n","protected":false},"excerpt":{"rendered":"<p>#Canc\u00fan, #QRoo.- Para continuar fortaleciendo el bienestar integral de las juventudes, el Ayuntamiento de Benito Ju\u00e1rez acerc\u00f3 a la Escuela Secundaria General \u201cCarlos Fuentes\u201d, en la Supermanzana 259, el Taller de Salud Mental y Prevenci\u00f3n de Adicciones, como parte del programa \u201cYo No Soy C\u00f3mplice\u201d. En esta tarde, el titular<span class=\"more-link\"><a href=\"https:\/\/revistaalcaldesas.mx\/?p=23667\">Continuar leyendo<\/a><\/span><\/p>\n","protected":false},"author":6,"featured_media":23668,"comment_status":"open","ping_status":"open","sticky":false,"template":"","format":"standard","meta":{"rop_custom_images_group":[],"rop_custom_messages_group":[],"rop_publish_now":"no","rop_publish_now_accounts":{"facebook_540786660636400_100634987996574":""},"rop_publish_now_history":[{"account":"facebook_540786660636400_100634987996574","service":"facebook","timestamp":1765936443,"status":"success"}],"rop_publish_now_status":"done","footnotes":""},"categories":[28],"tags":[1097,778,1161,724,725,147,1070,855,190,105,95,222,306,113,726,723],"class_list":["entry","author-difusion","post-23667","post","type-post","status-publish","format-standard","has-post-thumbnail","category-alcaldesa-sobresaliente","tag-ana-patricia-peralta","tag-cancun-2","tag-claudia-sheinbaum-pardo","tag-en-vivo","tag-enterate","tag-gobierno-de-mexico","tag-issste","tag-revista-alcaldesas-mx-2","tag-secretaria-de-bienestar","tag-secretaria-de-cultura","tag-secretaria-de-economia","tag-secretaria-de-gobernacion","tag-secretaria-de-la-funcion-publica","tag-secretaria-de-salud-del-estado-de-mexico","tag-ultima-hora","tag-ultimas-noticias"],"_links":{"self":[{"href":"https:\/\/revistaalcaldesas.mx\/index.php?rest_route=\/wp\/v2\/posts\/23667","targetHints":{"allow":["GET"]}}],"collection":[{"href":"https:\/\/revistaalcaldesas.mx\/index.php?rest_route=\/wp\/v2\/posts"}],"about":[{"href":"https:\/\/revistaalcaldesas.mx\/index.php?rest_route=\/wp\/v2\/types\/post"}],"author":[{"embeddable":true,"href":"https:\/\/revistaalcaldesas.mx\/index.php?rest_route=\/wp\/v2\/users\/6"}],"replies":[{"embeddable":true,"href":"https:\/\/revistaalcaldesas.mx\/index.php?rest_route=%2Fwp%2Fv2%2Fcomments&post=23667"}],"version-history":[{"count":1,"href":"https:\/\/revistaalcaldesas.mx\/index.php?rest_route=\/wp\/v2\/posts\/23667\/revisions"}],"predecessor-version":[{"id":23669,"href":"https:\/\/revistaalcaldesas.mx\/index.php?rest_route=\/wp\/v2\/posts\/23667\/revisions\/23669"}],"wp:featuredmedia":[{"embeddable":true,"href":"https:\/\/revistaalcaldesas.mx\/index.php?rest_route=\/wp\/v2\/media\/23668"}],"wp:attachment":[{"href":"https:\/\/revistaalcaldesas.mx\/index.php?rest_route=%2Fwp%2Fv2%2Fmedia&parent=23667"}],"wp:term":[{"taxonomy":"category","embeddable":true,"href":"https:\/\/revistaalcaldesas.mx\/index.php?rest_route=%2Fwp%2Fv2%2Fcategories&post=23667"},{"taxonomy":"post_tag","embeddable":true,"href":"https:\/\/revistaalcaldesas.mx\/index.php?rest_route=%2Fwp%2Fv2%2Ftags&post=23667"}],"curies":[{"name":"wp","href":"https:\/\/api.w.org\/{rel}","templated":true}]}}