{"id":23783,"date":"2026-01-20T20:00:31","date_gmt":"2026-01-21T02:00:31","guid":{"rendered":"https:\/\/revistaalcaldesas.mx\/?p=23783"},"modified":"2026-01-20T20:00:31","modified_gmt":"2026-01-21T02:00:31","slug":"marti-batres-inaugura-nueva-area-de-urgencias-del-issste-martibatres-issste_mx","status":"publish","type":"post","link":"https:\/\/revistaalcaldesas.mx\/?p=23783","title":{"rendered":"Mart\u00ed Batres inaugura nueva \u00e1rea de urgencias del ISSSTE \/ @martibatres @ISSSTE_mx >>>"},"content":{"rendered":"\n<p class=\"wp-block-paragraph\"><strong>#ISSSTE.-<\/strong> El director general del Instituto de Seguridad y Servicios Sociales de los Trabajadores del Estado (ISSSTE), Mart\u00ed Batres Guadarrama, inaugur\u00f3 en enlace a la conferencia matutina: \u201cLa ma\u00f1anera del pueblo\u201d de la Presidenta Claudia Sheinbaum Pardo, la nueva \u00e1rea de urgencias para adultos en el Hospital General \u201cDr. Fernando Quiroz Guti\u00e9rrez\u201d, ubicado al poniente de la Ciudad de M\u00e9xico, en beneficio de 197 mil 745 derechohabientes.<\/p>\n\n\n\n<p class=\"wp-block-paragraph\">\u201cEstamos inaugurando la nueva sala de Urgencias, es completamente nueva, se ha reconstruido todo, es de primera calidad. (&#8230;) Todo esto ha implicado una inversi\u00f3n de poco m\u00e1s de 60 millones de pesos. (&#8230;) Y el d\u00eda de hoy empieza a funcionar esta sala o \u00e1rea de urgencias aqu\u00ed en el Hospital \u201cFernando Quiroz\u201d, con ello damos un mejor trato a nuestra derechohabiencia, seguimos mejorando la instituci\u00f3n y salvamos vidas\u201d, expres\u00f3.<\/p>\n\n\n\n<p class=\"wp-block-paragraph\">En compa\u00f1\u00eda del cuerpo directivo del ISSSTE, Mart\u00ed Batres detall\u00f3 que el \u00e1rea renovada se conforma de 854.6 metros cuadrados de construcci\u00f3n y cuenta con 16 camas: 14 de observaci\u00f3n y dos de aislamiento; as\u00ed como cuatro consultorios de valoraci\u00f3n, uno de ginecolog\u00eda, una zona de clasificaci\u00f3n de emergencia, un espacio de curaciones y dos salas de choque equipadas.<\/p>\n\n\n\n<p class=\"wp-block-paragraph\">\u201cTiene 16 camas y esas 16 camas tienen su monitor de signos vitales, su panel de gases medicinales y tambi\u00e9n hay dos camas que est\u00e1n aisladas para pacientes con alg\u00fan padecimiento infectocontagioso. Hay, adem\u00e1s, dos salas de choque, tienen su carro rojo, tienen sus desfibriladores y otros equipos. Y, adem\u00e1s, contamos con cuatro equipos, los cuatro consultorios de urgencias, el consultorio ginecol\u00f3gico y la sala de curaciones\u201d, detall\u00f3.<\/p>\n\n\n\n<p class=\"wp-block-paragraph\">Posterior al enlace, el director general del ISSSTE remarc\u00f3 que este proyecto forma parte de las acciones de construcci\u00f3n, remodelaci\u00f3n, ampliaci\u00f3n y equipamiento que se llevan a cabo para fortalecer la infraestructura del organismo, a fin de dignificar las condiciones de trabajo y la atenci\u00f3n que se brinda a la derechohabiencia.<\/p>\n\n\n\n<p class=\"wp-block-paragraph\"><strong>#RevistaAlcaldesasMX &#8211;<\/strong> <a href=\"https:\/\/www.facebook.com\/ReAlcaldesasMX\/?__cft__%5b0%5d=AZWCUCopFg6uwR0bar1lA5XOJDPQGbidw7wMESZ9jhjdgQV18UtYzQs5AhW_9gKv6fQhGkof0nlpv0MZSyvZzAtfVQ-kGlKeGnKn1eftLPF_WZz9fv1hNrBXsDhp_akqGslhCB-zuNpCEIlXRqVKVrqMHVfqLWGFKazjuYuOAozwrbcMy0TfH-lcgDWV1GCIoPkxNjje6YZc-2SSWfdVSK2r&amp;__tn__=-UC%2CP-R\"><strong>Revista Alcaldesas MX<\/strong><\/a><\/p>\n","protected":false},"excerpt":{"rendered":"<p>#ISSSTE.- El director general del Instituto de Seguridad y Servicios Sociales de los Trabajadores del Estado (ISSSTE), Mart\u00ed Batres Guadarrama, inaugur\u00f3 en enlace a la conferencia matutina: \u201cLa ma\u00f1anera del pueblo\u201d de la Presidenta Claudia Sheinbaum Pardo, la nueva \u00e1rea de urgencias para adultos en el Hospital General \u201cDr. Fernando<span class=\"more-link\"><a href=\"https:\/\/revistaalcaldesas.mx\/?p=23783\">Continuar leyendo<\/a><\/span><\/p>\n","protected":false},"author":6,"featured_media":23784,"comment_status":"open","ping_status":"open","sticky":false,"template":"","format":"standard","meta":{"rop_custom_images_group":[],"rop_custom_messages_group":[],"rop_publish_now":"no","rop_publish_now_accounts":{"facebook_540786660636400_100634987996574":""},"rop_publish_now_history":[{"account":"facebook_540786660636400_100634987996574","service":"facebook","timestamp":1768960852,"status":"success"}],"rop_publish_now_status":"done","footnotes":""},"categories":[32],"tags":[1161,198,724,725,147,1070,855,105,95,73,726,723],"class_list":["entry","author-difusion","post-23783","post","type-post","status-publish","format-standard","has-post-thumbnail","category-secretarias-de-gobierno","tag-claudia-sheinbaum-pardo","tag-delfina-gomez-alvarez","tag-en-vivo","tag-enterate","tag-gobierno-de-mexico","tag-issste","tag-revista-alcaldesas-mx-2","tag-secretaria-de-cultura","tag-secretaria-de-economia","tag-tecamac","tag-ultima-hora","tag-ultimas-noticias"],"_links":{"self":[{"href":"https:\/\/revistaalcaldesas.mx\/index.php?rest_route=\/wp\/v2\/posts\/23783","targetHints":{"allow":["GET"]}}],"collection":[{"href":"https:\/\/revistaalcaldesas.mx\/index.php?rest_route=\/wp\/v2\/posts"}],"about":[{"href":"https:\/\/revistaalcaldesas.mx\/index.php?rest_route=\/wp\/v2\/types\/post"}],"author":[{"embeddable":true,"href":"https:\/\/revistaalcaldesas.mx\/index.php?rest_route=\/wp\/v2\/users\/6"}],"replies":[{"embeddable":true,"href":"https:\/\/revistaalcaldesas.mx\/index.php?rest_route=%2Fwp%2Fv2%2Fcomments&post=23783"}],"version-history":[{"count":1,"href":"https:\/\/revistaalcaldesas.mx\/index.php?rest_route=\/wp\/v2\/posts\/23783\/revisions"}],"predecessor-version":[{"id":23785,"href":"https:\/\/revistaalcaldesas.mx\/index.php?rest_route=\/wp\/v2\/posts\/23783\/revisions\/23785"}],"wp:featuredmedia":[{"embeddable":true,"href":"https:\/\/revistaalcaldesas.mx\/index.php?rest_route=\/wp\/v2\/media\/23784"}],"wp:attachment":[{"href":"https:\/\/revistaalcaldesas.mx\/index.php?rest_route=%2Fwp%2Fv2%2Fmedia&parent=23783"}],"wp:term":[{"taxonomy":"category","embeddable":true,"href":"https:\/\/revistaalcaldesas.mx\/index.php?rest_route=%2Fwp%2Fv2%2Fcategories&post=23783"},{"taxonomy":"post_tag","embeddable":true,"href":"https:\/\/revistaalcaldesas.mx\/index.php?rest_route=%2Fwp%2Fv2%2Ftags&post=23783"}],"curies":[{"name":"wp","href":"https:\/\/api.w.org\/{rel}","templated":true}]}}