{"id":24013,"date":"2026-03-09T20:21:36","date_gmt":"2026-03-10T02:21:36","guid":{"rendered":"https:\/\/revistaalcaldesas.mx\/?p=24013"},"modified":"2026-03-09T20:21:36","modified_gmt":"2026-03-10T02:21:36","slug":"benito-juarez-quintana-roo-intensifica-atencion-integral-contra-violencia-de-genero-anapatyp-aytocancun","status":"publish","type":"post","link":"https:\/\/revistaalcaldesas.mx\/?p=24013","title":{"rendered":"Benito Ju\u00e1rez, Quintana Roo intensifica atenci\u00f3n integral contra violencia de g\u00e9nero \/ @anapatyp @AytoCancun >>>"},"content":{"rendered":"\n<p><strong>#Canc\u00fan, #QRoo.-<\/strong> La Presidenta Municipal, Ana Paty Peralta, encabez\u00f3 la Primera Sesi\u00f3n Ordinaria del Sistema Municipal de Prevenci\u00f3n, Atenci\u00f3n, Sanci\u00f3n y Erradicaci\u00f3n de la Violencia contra las Mujeres para el periodo 2024-2027, que consiste en un equipo interinstitucional para dar atenci\u00f3n inmediata, integral y humana a ni\u00f1as, ni\u00f1os, adolescentes y mujeres v\u00edctimas de violencia.<\/p>\n\n\n\n<p>\u201cSomos el \u00fanico municipio que tiene una colaboraci\u00f3n integral e inmediata sobre todo de cada uno de los casos. Este sistema tiene que trabajar con un engranaje perfecto, todos comunicados desde las diferentes \u00e1reas y deben tener la sensibilidad junto con sus equipos, para hablar de la importancia de este tema\u201d, enfatiz\u00f3.<\/p>\n\n\n\n<p>En el evento en el Sal\u00f3n \u201cPresidentes\u201d del Palacio Municipal, la Primera Autoridad Municipal reafirm\u00f3 que es necesario seguir motivando a las f\u00e9minas a denunciar a sus agresores, porque aunque no es f\u00e1cil salir de un c\u00edrculo de violencia, deben comprender que no es su culpa ser v\u00edctimas de esa situaci\u00f3n que sigue present\u00e1ndose en diferentes modalidades.<\/p>\n\n\n\n<p>\u201cEsta mesa es para que seamos un referente en coordinaci\u00f3n, de saber c\u00f3mo actuar en estos casos que son lamentables\u201d, dijo.<\/p>\n\n\n\n<p>A su vez, la directora del Instituto Municipal de la Mujer (IMM), Miroslava Reguera Mart\u00ednez, puntualiz\u00f3 que este Sistema busca mayor coordinaci\u00f3n y la revisi\u00f3n a las acciones que cada dependencia lleva a cabo con el mismo prop\u00f3sito, ya que todas est\u00e1n involucradas desde hace m\u00e1s seis meses para prevenir y atender los casos de violencia de g\u00e9nero.<\/p>\n\n\n\n<p>Como parte de la sesi\u00f3n, los integrantes de dicho sistema votaron por unanimidad que las sesiones ordinarias se realizar\u00e1n la primera semana de cada mes para mantener los informes correspondientes de los avances de cada instancia.<\/p>\n\n\n\n<p><strong>#RevistaAlcaldesasMX &#8211;<\/strong> <a href=\"https:\/\/www.facebook.com\/ReAlcaldesasMX\/?__cft__%5b0%5d=AZWCUCopFg6uwR0bar1lA5XOJDPQGbidw7wMESZ9jhjdgQV18UtYzQs5AhW_9gKv6fQhGkof0nlpv0MZSyvZzAtfVQ-kGlKeGnKn1eftLPF_WZz9fv1hNrBXsDhp_akqGslhCB-zuNpCEIlXRqVKVrqMHVfqLWGFKazjuYuOAozwrbcMy0TfH-lcgDWV1GCIoPkxNjje6YZc-2SSWfdVSK2r&amp;__tn__=-UC%2CP-R\"><strong>Revista Alcaldesas MX<\/strong><\/a><\/p>\n","protected":false},"excerpt":{"rendered":"<p>#Canc\u00fan, #QRoo.- La Presidenta Municipal, Ana Paty Peralta, encabez\u00f3 la Primera Sesi\u00f3n Ordinaria del Sistema Municipal de Prevenci\u00f3n, Atenci\u00f3n, Sanci\u00f3n y Erradicaci\u00f3n de la Violencia contra las Mujeres para el periodo 2024-2027, que consiste en un equipo interinstitucional para dar atenci\u00f3n inmediata, integral y humana a ni\u00f1as, ni\u00f1os, adolescentes y<span class=\"more-link\"><a href=\"https:\/\/revistaalcaldesas.mx\/?p=24013\">Continuar leyendo<\/a><\/span><\/p>\n","protected":false},"author":6,"featured_media":24014,"comment_status":"open","ping_status":"open","sticky":false,"template":"","format":"standard","meta":{"rop_custom_images_group":[],"rop_custom_messages_group":[],"rop_publish_now":"no","rop_publish_now_accounts":{"facebook_540786660636400_100634987996574":""},"rop_publish_now_history":[{"account":"facebook_540786660636400_100634987996574","service":"facebook","timestamp":1773109320,"status":"success"}],"rop_publish_now_status":"done","footnotes":""},"categories":[28],"tags":[1097,778,1161,724,725,147,1070,855,105,95,73,726,723],"class_list":["entry","author-difusion","post-24013","post","type-post","status-publish","format-standard","has-post-thumbnail","category-alcaldesa-sobresaliente","tag-ana-patricia-peralta","tag-cancun-2","tag-claudia-sheinbaum-pardo","tag-en-vivo","tag-enterate","tag-gobierno-de-mexico","tag-issste","tag-revista-alcaldesas-mx-2","tag-secretaria-de-cultura","tag-secretaria-de-economia","tag-tecamac","tag-ultima-hora","tag-ultimas-noticias"],"_links":{"self":[{"href":"https:\/\/revistaalcaldesas.mx\/index.php?rest_route=\/wp\/v2\/posts\/24013","targetHints":{"allow":["GET"]}}],"collection":[{"href":"https:\/\/revistaalcaldesas.mx\/index.php?rest_route=\/wp\/v2\/posts"}],"about":[{"href":"https:\/\/revistaalcaldesas.mx\/index.php?rest_route=\/wp\/v2\/types\/post"}],"author":[{"embeddable":true,"href":"https:\/\/revistaalcaldesas.mx\/index.php?rest_route=\/wp\/v2\/users\/6"}],"replies":[{"embeddable":true,"href":"https:\/\/revistaalcaldesas.mx\/index.php?rest_route=%2Fwp%2Fv2%2Fcomments&post=24013"}],"version-history":[{"count":1,"href":"https:\/\/revistaalcaldesas.mx\/index.php?rest_route=\/wp\/v2\/posts\/24013\/revisions"}],"predecessor-version":[{"id":24015,"href":"https:\/\/revistaalcaldesas.mx\/index.php?rest_route=\/wp\/v2\/posts\/24013\/revisions\/24015"}],"wp:featuredmedia":[{"embeddable":true,"href":"https:\/\/revistaalcaldesas.mx\/index.php?rest_route=\/wp\/v2\/media\/24014"}],"wp:attachment":[{"href":"https:\/\/revistaalcaldesas.mx\/index.php?rest_route=%2Fwp%2Fv2%2Fmedia&parent=24013"}],"wp:term":[{"taxonomy":"category","embeddable":true,"href":"https:\/\/revistaalcaldesas.mx\/index.php?rest_route=%2Fwp%2Fv2%2Fcategories&post=24013"},{"taxonomy":"post_tag","embeddable":true,"href":"https:\/\/revistaalcaldesas.mx\/index.php?rest_route=%2Fwp%2Fv2%2Ftags&post=24013"}],"curies":[{"name":"wp","href":"https:\/\/api.w.org\/{rel}","templated":true}]}}