{"id":24021,"date":"2026-04-07T19:33:00","date_gmt":"2026-04-08T01:33:00","guid":{"rendered":"https:\/\/revistaalcaldesas.mx\/?p=24021"},"modified":"2026-04-17T21:42:25","modified_gmt":"2026-04-18T03:42:25","slug":"puebla-atlixco-ariadna-ayala-convoca-a-respaldar-el-talento-artesanal-ariadnaayala-atlixcoayto","status":"publish","type":"post","link":"https:\/\/revistaalcaldesas.mx\/?p=24021","title":{"rendered":"Puebla, Atlixco: Ariadna Ayala convoca a respaldar el talento artesanal \/@AriadnaAyala @AtlixcoAyto >>>"},"content":{"rendered":"\n<p><strong>#Atlixco, #Pue.-<\/strong> La presidenta municipal de Atlixco, <strong>Ariadna Ayala<\/strong>, convoc\u00f3 a la ciudadan\u00eda y a quienes visitan el municipio a participar en <strong>\u201cManos con Historia, Manos que Crean\u201d<\/strong>, un encuentro dedicado a reconocer y fortalecer el trabajo de las y los artesanos locales. La iniciativa busca dar visibilidad al talento que preserva las tradiciones y fomenta el orgullo por las ra\u00edces culturales de la regi\u00f3n.<\/p>\n\n\n\n<p>El evento se llevar\u00e1 a cabo <strong>los d\u00edas 14 y 15 de marzo, a partir de las 10:00 horas<\/strong>, en la <strong>Plaza de Armas de Atlixco<\/strong>, espacio que reunir\u00e1 a creadoras y creadores de distintas comunidades. En este punto emblem\u00e1tico del municipio, artesanas y artesanos presentar\u00e1n piezas elaboradas con t\u00e9cnicas tradicionales que han sido transmitidas de generaci\u00f3n en generaci\u00f3n.<\/p>\n\n\n\n<p>Durante ambas jornadas, el p\u00fablico podr\u00e1 apreciar y adquirir productos hechos a mano que reflejan <strong>la identidad cultural, la creatividad y el talento<\/strong> de Atlixco. Cada obra representa no solo un objeto, sino tambi\u00e9n una historia familiar y comunitaria que da sentido al legado artesanal del municipio.<\/p>\n\n\n\n<p>La administraci\u00f3n encabezada por <strong>Ariadna Ayala<\/strong> destac\u00f3 que esta actividad busca <strong>impulsar el consumo local y fortalecer la econom\u00eda de las familias artesanas<\/strong>, promoviendo el reconocimiento del valor cultural y social que tienen sus creaciones dentro y fuera de la regi\u00f3n.<\/p>\n\n\n\n<p>Finalmente, la alcaldesa reiter\u00f3 la invitaci\u00f3n a sumarse a esta celebraci\u00f3n del arte popular. \u201c<strong>Cada pieza artesanal guarda la memoria y la dedicaci\u00f3n de nuestras comunidades<\/strong>\u201d, expres\u00f3 <strong>Ariadna Ayala<\/strong>, al destacar que <strong>\u201cManos con Historia, Manos que Crean\u201d<\/strong> es un espacio para honrar el talento que da identidad a Atlixco. <\/p>\n\n\n\n<p><strong>#RevistaAlcaldesasMX &#8211;<\/strong> <a href=\"https:\/\/www.facebook.com\/ReAlcaldesasMX\/?__cft__%5b0%5d=AZWCUCopFg6uwR0bar1lA5XOJDPQGbidw7wMESZ9jhjdgQV18UtYzQs5AhW_9gKv6fQhGkof0nlpv0MZSyvZzAtfVQ-kGlKeGnKn1eftLPF_WZz9fv1hNrBXsDhp_akqGslhCB-zuNpCEIlXRqVKVrqMHVfqLWGFKazjuYuOAozwrbcMy0TfH-lcgDWV1GCIoPkxNjje6YZc-2SSWfdVSK2r&amp;__tn__=-UC%2CP-R\"><strong>Revista Alcaldesas MX<\/strong><\/a><\/p>\n","protected":false},"excerpt":{"rendered":"<p>#Atlixco, #Pue.- La presidenta municipal de Atlixco, Ariadna Ayala, convoc\u00f3 a la ciudadan\u00eda y a quienes visitan el municipio a participar en \u201cManos con Historia, Manos que Crean\u201d, un encuentro dedicado a reconocer y fortalecer el trabajo de las y los artesanos locales. La iniciativa busca dar visibilidad al talento<span class=\"more-link\"><a href=\"https:\/\/revistaalcaldesas.mx\/?p=24021\">Continuar leyendo<\/a><\/span><\/p>\n","protected":false},"author":6,"featured_media":24022,"comment_status":"open","ping_status":"open","sticky":false,"template":"","format":"standard","meta":{"rop_custom_images_group":[],"rop_custom_messages_group":[],"rop_publish_now":"no","rop_publish_now_accounts":{"facebook_540786660636400_100634987996574":""},"rop_publish_now_history":[{"account":"facebook_540786660636400_100634987996574","service":"facebook","timestamp":1773194400,"status":"success"}],"rop_publish_now_status":"done","footnotes":""},"categories":[1113],"tags":[944,942,1161,724,1192,147,1070,855,105,95,73,726,723],"class_list":["entry","author-difusion","post-24021","post","type-post","status-publish","format-standard","has-post-thumbnail","category-municipios-2","tag-ariadna-ayala","tag-atlixco","tag-claudia-sheinbaum-pardo","tag-en-vivo","tag-enterate-2","tag-gobierno-de-mexico","tag-issste","tag-revista-alcaldesas-mx-2","tag-secretaria-de-cultura","tag-secretaria-de-economia","tag-tecamac","tag-ultima-hora","tag-ultimas-noticias"],"_links":{"self":[{"href":"https:\/\/revistaalcaldesas.mx\/index.php?rest_route=\/wp\/v2\/posts\/24021","targetHints":{"allow":["GET"]}}],"collection":[{"href":"https:\/\/revistaalcaldesas.mx\/index.php?rest_route=\/wp\/v2\/posts"}],"about":[{"href":"https:\/\/revistaalcaldesas.mx\/index.php?rest_route=\/wp\/v2\/types\/post"}],"author":[{"embeddable":true,"href":"https:\/\/revistaalcaldesas.mx\/index.php?rest_route=\/wp\/v2\/users\/6"}],"replies":[{"embeddable":true,"href":"https:\/\/revistaalcaldesas.mx\/index.php?rest_route=%2Fwp%2Fv2%2Fcomments&post=24021"}],"version-history":[{"count":2,"href":"https:\/\/revistaalcaldesas.mx\/index.php?rest_route=\/wp\/v2\/posts\/24021\/revisions"}],"predecessor-version":[{"id":24024,"href":"https:\/\/revistaalcaldesas.mx\/index.php?rest_route=\/wp\/v2\/posts\/24021\/revisions\/24024"}],"wp:featuredmedia":[{"embeddable":true,"href":"https:\/\/revistaalcaldesas.mx\/index.php?rest_route=\/wp\/v2\/media\/24022"}],"wp:attachment":[{"href":"https:\/\/revistaalcaldesas.mx\/index.php?rest_route=%2Fwp%2Fv2%2Fmedia&parent=24021"}],"wp:term":[{"taxonomy":"category","embeddable":true,"href":"https:\/\/revistaalcaldesas.mx\/index.php?rest_route=%2Fwp%2Fv2%2Fcategories&post=24021"},{"taxonomy":"post_tag","embeddable":true,"href":"https:\/\/revistaalcaldesas.mx\/index.php?rest_route=%2Fwp%2Fv2%2Ftags&post=24021"}],"curies":[{"name":"wp","href":"https:\/\/api.w.org\/{rel}","templated":true}]}}