{"id":24025,"date":"2026-03-24T20:30:00","date_gmt":"2026-03-25T02:30:00","guid":{"rendered":"https:\/\/revistaalcaldesas.mx\/?p=24025"},"modified":"2026-04-07T13:40:02","modified_gmt":"2026-04-07T19:40:02","slug":"sinaloa-rosario-inicia-festejos-por-el-natalicio-de-lola-beltran-ayuntamientoros","status":"publish","type":"post","link":"https:\/\/revistaalcaldesas.mx\/?p=24025","title":{"rendered":"Sinaloa, Rosario inicia festejos por el natalicio de Lola Beltr\u00e1n \/ @ayuntamientoros >>>"},"content":{"rendered":"\n<p><strong>#Rosario, #Sin.-<\/strong> Con un acto cargado de memoria y orgullo por sus ra\u00edces, el <strong>Ayuntamiento de Rosario<\/strong> dio inicio a los festejos conmemorativos por el natalicio de la emblem\u00e1tica cantante <strong>Lola Beltr\u00e1n<\/strong>, figura esencial de la m\u00fasica ranchera en M\u00e9xico. La artista, nacida <strong>el 7 de marzo de 1932<\/strong>, es recordada como una de las voces m\u00e1s representativas del pa\u00eds y un s\u00edmbolo cultural del municipio sinaloense.<\/p>\n\n\n\n<p>Como primera actividad del programa, autoridades municipales encabezaron <strong>guardias de honor frente a la estatua de \u201cLola Beltr\u00e1n\u201d<\/strong>, donde participaron funcionarios, familiares de la int\u00e9rprete e instituciones educativas. Durante la ceremonia se colocaron <strong>ofrendas florales en su memoria<\/strong>, en reconocimiento a la artista que llev\u00f3 el nombre de Rosario a escenarios nacionales e internacionales.<\/p>\n\n\n\n<p>En el mismo marco, el Gobierno Municipal tambi\u00e9n marc\u00f3 el inicio de <strong>las actividades conmemorativas por el \u201cD\u00eda Internacional de la Mujer\u201d<\/strong>, resaltando la trayectoria de <strong>Lola Beltr\u00e1n<\/strong> como ejemplo de talento, car\u00e1cter y orgullo femenino. Su legado contin\u00faa inspirando a generaciones de mujeres que ven en su historia un referente de perseverancia y \u00e9xito.<\/p>\n\n\n\n<p>Como parte del programa cultural preparado para honrar su memoria, este s\u00e1bado por la ma\u00f1ana se interpretar\u00e1n <strong>\u201cLas Ma\u00f1anitas\u201d en su tumba<\/strong>, un homenaje que estar\u00e1 a cargo del <strong>Coro Infantil y Juvenil \u201cLola Beltr\u00e1n\u201d<\/strong>. Este momento simb\u00f3lico busca reunir a la comunidad para recordar la voz que marc\u00f3 una \u00e9poca en la m\u00fasica mexicana.<\/p>\n\n\n\n<p>Las celebraciones continuar\u00e1n con <strong>un concurso de canto dedicado a su repertorio<\/strong>, donde talentos locales rendir\u00e1n tributo a la artista interpretando algunas de sus canciones m\u00e1s representativas. Los festejos concluir\u00e1n <strong>el pr\u00f3ximo 28 de marzo con un gran festival art\u00edstico<\/strong>, en el que m\u00fasica, cultura y tradici\u00f3n celebrar\u00e1n la vida y el legado de la inolvidable <strong>\u201cLola Beltr\u00e1n\u201d<\/strong>. <\/p>\n","protected":false},"excerpt":{"rendered":"<p>#Rosario, #Sin.- Con un acto cargado de memoria y orgullo por sus ra\u00edces, el Ayuntamiento de Rosario dio inicio a los festejos conmemorativos por el natalicio de la emblem\u00e1tica cantante Lola Beltr\u00e1n, figura esencial de la m\u00fasica ranchera en M\u00e9xico. La artista, nacida el 7 de marzo de 1932, es<span class=\"more-link\"><a href=\"https:\/\/revistaalcaldesas.mx\/?p=24025\">Continuar leyendo<\/a><\/span><\/p>\n","protected":false},"author":6,"featured_media":24026,"comment_status":"open","ping_status":"open","sticky":false,"template":"","format":"standard","meta":{"rop_custom_images_group":[],"rop_custom_messages_group":[],"rop_publish_now":"no","rop_publish_now_accounts":{"facebook_540786660636400_100634987996574":""},"rop_publish_now_history":[{"account":"facebook_540786660636400_100634987996574","service":"facebook","timestamp":1773194604,"status":"success"}],"rop_publish_now_status":"done","footnotes":""},"categories":[29],"tags":[724,1192,147,1010,1070,855,105,95,73,726,723],"class_list":["entry","author-difusion","post-24025","post","type-post","status-publish","format-standard","has-post-thumbnail","category-municipios-1","tag-en-vivo","tag-enterate-2","tag-gobierno-de-mexico","tag-h-ayuntamiento-de-el-rosario","tag-issste","tag-revista-alcaldesas-mx-2","tag-secretaria-de-cultura","tag-secretaria-de-economia","tag-tecamac","tag-ultima-hora","tag-ultimas-noticias"],"_links":{"self":[{"href":"https:\/\/revistaalcaldesas.mx\/index.php?rest_route=\/wp\/v2\/posts\/24025","targetHints":{"allow":["GET"]}}],"collection":[{"href":"https:\/\/revistaalcaldesas.mx\/index.php?rest_route=\/wp\/v2\/posts"}],"about":[{"href":"https:\/\/revistaalcaldesas.mx\/index.php?rest_route=\/wp\/v2\/types\/post"}],"author":[{"embeddable":true,"href":"https:\/\/revistaalcaldesas.mx\/index.php?rest_route=\/wp\/v2\/users\/6"}],"replies":[{"embeddable":true,"href":"https:\/\/revistaalcaldesas.mx\/index.php?rest_route=%2Fwp%2Fv2%2Fcomments&post=24025"}],"version-history":[{"count":1,"href":"https:\/\/revistaalcaldesas.mx\/index.php?rest_route=\/wp\/v2\/posts\/24025\/revisions"}],"predecessor-version":[{"id":24027,"href":"https:\/\/revistaalcaldesas.mx\/index.php?rest_route=\/wp\/v2\/posts\/24025\/revisions\/24027"}],"wp:featuredmedia":[{"embeddable":true,"href":"https:\/\/revistaalcaldesas.mx\/index.php?rest_route=\/wp\/v2\/media\/24026"}],"wp:attachment":[{"href":"https:\/\/revistaalcaldesas.mx\/index.php?rest_route=%2Fwp%2Fv2%2Fmedia&parent=24025"}],"wp:term":[{"taxonomy":"category","embeddable":true,"href":"https:\/\/revistaalcaldesas.mx\/index.php?rest_route=%2Fwp%2Fv2%2Fcategories&post=24025"},{"taxonomy":"post_tag","embeddable":true,"href":"https:\/\/revistaalcaldesas.mx\/index.php?rest_route=%2Fwp%2Fv2%2Ftags&post=24025"}],"curies":[{"name":"wp","href":"https:\/\/api.w.org\/{rel}","templated":true}]}}