{"id":24028,"date":"2026-03-10T20:05:45","date_gmt":"2026-03-11T02:05:45","guid":{"rendered":"https:\/\/revistaalcaldesas.mx\/?p=24028"},"modified":"2026-03-10T20:05:45","modified_gmt":"2026-03-11T02:05:45","slug":"mario-delgado-anuncia-libre-transito-entre-cecyte-dgeti-y-tecnm-mario_delgado-sep_mx","status":"publish","type":"post","link":"https:\/\/revistaalcaldesas.mx\/?p=24028","title":{"rendered":"Mario Delgado anuncia libre tr\u00e1nsito entre CECyTE, DGETI y TecNM \/ @mario_delgado @SEP_mx >>>"},"content":{"rendered":"\n<p><strong>#SEP.-<\/strong> El Gobierno de la Presidenta Claudia Sheinbaum Pardo impulsa una transformaci\u00f3n profunda del Sistema Educativo Nacional (SEN); la prioridad de su pol\u00edtica educativa es asegurar el acceso, la permanencia y brindar oportunidades reales para toda una generaci\u00f3n de estudiantes, asegur\u00f3 el secretario de Educaci\u00f3n P\u00fablica, Mario Delgado Carrillo.<\/p>\n\n\n\n<p>Durante la conmemoraci\u00f3n de los 35 a\u00f1os del Colegio de Estudios Cient\u00edficos y Tecnol\u00f3gicos (CECyTE), destac\u00f3 la acreditaci\u00f3n de la Direcci\u00f3n General de Educaci\u00f3n Tecnol\u00f3gica Industrial (DGETI) como entidad certificadora del Consejo Nacional de Normalizaci\u00f3n y Certificaci\u00f3n de Competencias Laborales (CONOCER), as\u00ed como la firma de un convenio de libre tr\u00e1nsito acad\u00e9mico entre la DGETI, los CECyTE y el Tecnol\u00f3gico Nacional de M\u00e9xico (TecNM), para garantizar trayectorias educativas continuas para las y los estudiantes.<\/p>\n\n\n\n<p>En presencia de estudiantes de Coahuila, Estado de M\u00e9xico, Hidalgo, Quer\u00e9taro, Morelos y Puebla, record\u00f3 que, con la plataforma&nbsp;<strong>\u201cMi derecho, mi lugar\u201d&nbsp;<\/strong>, las y los j\u00f3venes pueden elegir su preparatoria; prueba de ello es que, en el ciclo anterior, el 97 por ciento de los aspirantes qued\u00f3 en una de sus tres primeras opciones, frente al 47 por ciento que lograba ese resultado con el examen de COMIPEMS, modelo que pon\u00eda a competir a los estudiantes por un espacio en lugar de garantizar el derecho a la educaci\u00f3n.<\/p>\n\n\n\n<p>Se\u00f1al\u00f3 que el Gobierno de M\u00e9xico fortaleci\u00f3 la permanencia escolar con la Beca Universal Benito Ju\u00e1rez, que actualmente beneficia a casi 4.3 millones de estudiantes de Educaci\u00f3n Media Superior. Explic\u00f3 que este apoyo fue decisivo durante la pandemia, ya que permiti\u00f3 recuperar los niveles de matr\u00edcula en apenas un a\u00f1o y medio, evitando que se perdiera una generaci\u00f3n completa de j\u00f3venes fuera del sistema educativo.<\/p>\n\n\n\n<p><strong>#RevistaAlcaldesasMX &#8211;<\/strong> <a href=\"https:\/\/www.facebook.com\/ReAlcaldesasMX\/?__cft__%5b0%5d=AZWCUCopFg6uwR0bar1lA5XOJDPQGbidw7wMESZ9jhjdgQV18UtYzQs5AhW_9gKv6fQhGkof0nlpv0MZSyvZzAtfVQ-kGlKeGnKn1eftLPF_WZz9fv1hNrBXsDhp_akqGslhCB-zuNpCEIlXRqVKVrqMHVfqLWGFKazjuYuOAozwrbcMy0TfH-lcgDWV1GCIoPkxNjje6YZc-2SSWfdVSK2r&amp;__tn__=-UC%2CP-R\"><strong>Revista Alcaldesas MX<\/strong><\/a><\/p>\n","protected":false},"excerpt":{"rendered":"<p>#SEP.- El Gobierno de la Presidenta Claudia Sheinbaum Pardo impulsa una transformaci\u00f3n profunda del Sistema Educativo Nacional (SEN); la prioridad de su pol\u00edtica educativa es asegurar el acceso, la permanencia y brindar oportunidades reales para toda una generaci\u00f3n de estudiantes, asegur\u00f3 el secretario de Educaci\u00f3n P\u00fablica, Mario Delgado Carrillo. Durante<span class=\"more-link\"><a href=\"https:\/\/revistaalcaldesas.mx\/?p=24028\">Continuar leyendo<\/a><\/span><\/p>\n","protected":false},"author":6,"featured_media":24029,"comment_status":"open","ping_status":"open","sticky":false,"template":"","format":"standard","meta":{"rop_custom_images_group":[],"rop_custom_messages_group":[],"rop_publish_now":"no","rop_publish_now_accounts":{"facebook_540786660636400_100634987996574":""},"rop_publish_now_history":[{"account":"facebook_540786660636400_100634987996574","service":"facebook","timestamp":1773194766,"status":"success"}],"rop_publish_now_status":"done","footnotes":""},"categories":[32],"tags":[1161,724,725,147,1070,1142,855,105,95,232,73,726],"class_list":["entry","author-difusion","post-24028","post","type-post","status-publish","format-standard","has-post-thumbnail","category-secretarias-de-gobierno","tag-claudia-sheinbaum-pardo","tag-en-vivo","tag-enterate","tag-gobierno-de-mexico","tag-issste","tag-mario-delgado-carrillo","tag-revista-alcaldesas-mx-2","tag-secretaria-de-cultura","tag-secretaria-de-economia","tag-sep","tag-tecamac","tag-ultima-hora"],"_links":{"self":[{"href":"https:\/\/revistaalcaldesas.mx\/index.php?rest_route=\/wp\/v2\/posts\/24028","targetHints":{"allow":["GET"]}}],"collection":[{"href":"https:\/\/revistaalcaldesas.mx\/index.php?rest_route=\/wp\/v2\/posts"}],"about":[{"href":"https:\/\/revistaalcaldesas.mx\/index.php?rest_route=\/wp\/v2\/types\/post"}],"author":[{"embeddable":true,"href":"https:\/\/revistaalcaldesas.mx\/index.php?rest_route=\/wp\/v2\/users\/6"}],"replies":[{"embeddable":true,"href":"https:\/\/revistaalcaldesas.mx\/index.php?rest_route=%2Fwp%2Fv2%2Fcomments&post=24028"}],"version-history":[{"count":1,"href":"https:\/\/revistaalcaldesas.mx\/index.php?rest_route=\/wp\/v2\/posts\/24028\/revisions"}],"predecessor-version":[{"id":24030,"href":"https:\/\/revistaalcaldesas.mx\/index.php?rest_route=\/wp\/v2\/posts\/24028\/revisions\/24030"}],"wp:featuredmedia":[{"embeddable":true,"href":"https:\/\/revistaalcaldesas.mx\/index.php?rest_route=\/wp\/v2\/media\/24029"}],"wp:attachment":[{"href":"https:\/\/revistaalcaldesas.mx\/index.php?rest_route=%2Fwp%2Fv2%2Fmedia&parent=24028"}],"wp:term":[{"taxonomy":"category","embeddable":true,"href":"https:\/\/revistaalcaldesas.mx\/index.php?rest_route=%2Fwp%2Fv2%2Fcategories&post=24028"},{"taxonomy":"post_tag","embeddable":true,"href":"https:\/\/revistaalcaldesas.mx\/index.php?rest_route=%2Fwp%2Fv2%2Ftags&post=24028"}],"curies":[{"name":"wp","href":"https:\/\/api.w.org\/{rel}","templated":true}]}}