{"id":24035,"date":"2026-03-15T18:59:40","date_gmt":"2026-03-16T00:59:40","guid":{"rendered":"https:\/\/revistaalcaldesas.mx\/?p=24035"},"modified":"2026-03-15T19:00:15","modified_gmt":"2026-03-16T01:00:15","slug":"en-el-edomex-rosi-wong-romero-recibe-al-representante-del-vaticano-con-un-mensaje-de-unidad-y-paz-para-consolidar-el-bienestar-en-tecamac-rosi_wong-ayuntatec2025","status":"publish","type":"post","link":"https:\/\/revistaalcaldesas.mx\/?p=24035","title":{"rendered":"En el Edomex, Rosi Wong Romero recibe al representante del Vaticano con un mensaje de unidad y paz para consolidar el bienestar en Tec\u00e1mac \/ @rosi_wong @AyuntaTec2025 >>>"},"content":{"rendered":"\n<p><strong>#ValoresQueTransforman<\/strong> &#8211; <strong>#M\u00e9xicoLindo<\/strong> &#8212;&#8211; <strong>#Tec\u00e1macDeFeliprVillanueva<\/strong>, <strong>#EstadoDeM\u00e9xico<\/strong>.- Bajo la premisa de <strong>Mahatma Gandhi<\/strong>, quien afirmaba que \u00abNo hay camino para la paz, la paz es el camino\u00bb, la edil <strong>#RosiWongRomero<\/strong> transform\u00f3 el Parque Ecol\u00f3gico y <strong>#DeportivoSierraHermosa<\/strong> en un epicentro de <strong>ecumenismo<\/strong> institucional. La mandataria utiliz\u00f3 la etiqueta <strong>#PazParaTec\u00e1mac<\/strong> y el distintivo <strong>#FeYComunidad<\/strong> para enfatizar que su administraci\u00f3n abraza la pluralidad de credos como un pilar fundamental de la estabilidad civil. Esta recepci\u00f3n diplom\u00e1tica al nuncio apost\u00f3lico, <strong>#JosephSpiteri<\/strong>, representa una <strong>apoteosis<\/strong> de la diplomacia local, donde la libertad de conciencia se consolida como el eje rector del progreso social y la fraternidad humana.<\/p>\n\n\n\n<p>Acompa\u00f1ada por <strong>Pedro Antonio Mena Alarc\u00f3n<\/strong> y el obispo <strong>Guillermo Escobar Galicia<\/strong>, la presidenta municipal destac\u00f3 que, <strong>\u00abla fe ha sido hist\u00f3ricamente un factor coadyuvante en la formaci\u00f3n del tejido social mexiquense\u00bb<\/strong>. La presencia de autoridades civiles y familias de la regi\u00f3n permiti\u00f3 <strong>visibilizar<\/strong> el compromiso de un ayuntamiento que reconoce en la espiritualidad una herramienta poderosa para promover valores \u00e9ticos y convivencia arm\u00f3nica.<\/p>\n\n\n\n<p>Durante el protocolo, <strong>Joseph Spiteri<\/strong> inst\u00f3 a la feligres\u00eda y al gobierno a trabajar con una voluntad <strong>inmarcesible<\/strong> en la b\u00fasqueda de una justicia social aut\u00e9ntica y fraterna. El representante del Vaticano subray\u00f3 que el mal no se derrota con rencor, sino mediante una <strong>metanoia<\/strong> colectiva que privilegie el perd\u00f3n y la reconciliaci\u00f3n como motores de cambio para todas las familias mexicanas.<\/p>\n\n\n\n<figure class=\"wp-block-image size-medium\"><img loading=\"lazy\" decoding=\"async\" width=\"300\" height=\"266\" src=\"https:\/\/revistaalcaldesas.mx\/wp-content\/uploads\/2026\/03\/rosi-2-e1773622478759-300x266.jpg\" alt=\"\" class=\"wp-image-24036\"\/><\/figure>\n\n\n\n<p>Por su parte, <strong>Rosi Wong Romero<\/strong> reafirm\u00f3 que la construcci\u00f3n del bien com\u00fan requiere una suma de esfuerzos <strong>multidisciplinarios<\/strong> entre la sociedad civil y las instituciones gubernamentales. La edil puntualiz\u00f3 que: <strong>\u00abCuando una comunidad vive sus valores espirituales con compromiso social se convierte en un agente de cambio\u00bb<\/strong>, consolidando as\u00ed una visi\u00f3n <strong>altruista<\/strong> que coloca a la salud integral de la poblaci\u00f3n en el centro de las pol\u00edticas p\u00fablicas.<\/p>\n\n\n\n<p>Esta visita trasciende el \u00e1mbito religioso para convertirse en una <strong>preclara<\/strong> manifestaci\u00f3n de respeto a los derechos humanos y a la diversidad cultural del municipio. <strong>Rosi Wong<\/strong> y el Ayuntamiento de Tec\u00e1mac ratifica su postura de <strong>apertura<\/strong> total, <strong>\u00abgarantizamos que cada ciudadano en Tec\u00e1mac encuentre un espacio de identidad y seguridad donde sus creencias sean respetadas bajo un marco de hermandad absoluta\u00bb<\/strong>.<\/p>\n\n\n\n<p>Como bien se\u00f1al\u00f3 <strong>Martin Luther King Jr.<\/strong>: \u00abLa paz no es simplemente la ausencia de tensi\u00f3n, sino la presencia de justicia\u00bb, un ideal que hoy se fortalece en el coraz\u00f3n de Tec\u00e1mac.<\/p>\n\n\n\n<p><strong>#miangelzorro<\/strong><\/p>\n\n\n\n<p><strong>RevistaAlcaldesasMX \u2013<\/strong>\u00a0<a href=\"https:\/\/www.facebook.com\/ReAlcaldesasMX\/?__cft__%5b0%5d=AZWCUCopFg6uwR0bar1lA5XOJDPQGbidw7wMESZ9jhjdgQV18UtYzQs5AhW_9gKv6fQhGkof0nlpv0MZSyvZzAtfVQ-kGlKeGnKn1eftLPF_WZz9fv1hNrBXsDhp_akqGslhCB-zuNpCEIlXRqVKVrqMHVfqLWGFKazjuYuOAozwrbcMy0TfH-lcgDWV1GCIoPkxNjje6YZc-2SSWfdVSK2r&amp;__tn__=-UC%2CP-R\"><strong>Revista Alcaldesas MX<\/strong><\/a><\/p>\n\n\n<div class=\"wp-block-image\">\n<figure class=\"aligncenter size-large\"><img loading=\"lazy\" decoding=\"async\" width=\"1024\" height=\"682\" src=\"https:\/\/revistaalcaldesas.mx\/wp-content\/uploads\/2026\/03\/rosi-1-1024x682.jpg\" alt=\"\" class=\"wp-image-24037\"\/><\/figure>\n<\/div>","protected":false},"excerpt":{"rendered":"<p>#ValoresQueTransforman &#8211; #M\u00e9xicoLindo &#8212;&#8211; #Tec\u00e1macDeFeliprVillanueva, #EstadoDeM\u00e9xico.- Bajo la premisa de Mahatma Gandhi, quien afirmaba que \u00abNo hay camino para la paz, la paz es el camino\u00bb, la edil #RosiWongRomero transform\u00f3 el Parque Ecol\u00f3gico y #DeportivoSierraHermosa en un epicentro de ecumenismo institucional. La mandataria utiliz\u00f3 la etiqueta #PazParaTec\u00e1mac y el distintivo<span class=\"more-link\"><a href=\"https:\/\/revistaalcaldesas.mx\/?p=24035\">Continuar leyendo<\/a><\/span><\/p>\n","protected":false},"author":5,"featured_media":24037,"comment_status":"open","ping_status":"open","sticky":false,"template":"","format":"standard","meta":{"rop_custom_images_group":[],"rop_custom_messages_group":[],"rop_publish_now":"no","rop_publish_now_accounts":{"facebook_540786660636400_100634987996574":""},"rop_publish_now_history":[{"account":"facebook_540786660636400_100634987996574","service":"facebook","timestamp":1773622799,"status":"success"}],"rop_publish_now_status":"done","footnotes":""},"categories":[1113],"tags":[87,1161,198,1241,724,1192,147,111,1145,153,74,839,835,1162,1239,1240,1044,723],"class_list":["entry","author-katiamichelramirez","post-24035","post","type-post","status-publish","format-standard","has-post-thumbnail","category-municipios-2","tag-amlo","tag-claudia-sheinbaum-pardo","tag-delfina-gomez-alvarez","tag-deportivo-sierra-hermosa","tag-en-vivo","tag-enterate-2","tag-gobierno-de-mexico","tag-gobierno-del-estado-de-mexico","tag-katia-michel-ramirez-r","tag-luisa-maria-alcalde-lujan","tag-mariela-gutierrez-escalante","tag-noticias-estado-de-mexico","tag-noticias-tecamac","tag-rosi-wong-romero","tag-tecamac-news","tag-turismo-tecamac","tag-ultimahora","tag-ultimas-noticias"],"_links":{"self":[{"href":"https:\/\/revistaalcaldesas.mx\/index.php?rest_route=\/wp\/v2\/posts\/24035","targetHints":{"allow":["GET"]}}],"collection":[{"href":"https:\/\/revistaalcaldesas.mx\/index.php?rest_route=\/wp\/v2\/posts"}],"about":[{"href":"https:\/\/revistaalcaldesas.mx\/index.php?rest_route=\/wp\/v2\/types\/post"}],"author":[{"embeddable":true,"href":"https:\/\/revistaalcaldesas.mx\/index.php?rest_route=\/wp\/v2\/users\/5"}],"replies":[{"embeddable":true,"href":"https:\/\/revistaalcaldesas.mx\/index.php?rest_route=%2Fwp%2Fv2%2Fcomments&post=24035"}],"version-history":[{"count":1,"href":"https:\/\/revistaalcaldesas.mx\/index.php?rest_route=\/wp\/v2\/posts\/24035\/revisions"}],"predecessor-version":[{"id":24038,"href":"https:\/\/revistaalcaldesas.mx\/index.php?rest_route=\/wp\/v2\/posts\/24035\/revisions\/24038"}],"wp:featuredmedia":[{"embeddable":true,"href":"https:\/\/revistaalcaldesas.mx\/index.php?rest_route=\/wp\/v2\/media\/24037"}],"wp:attachment":[{"href":"https:\/\/revistaalcaldesas.mx\/index.php?rest_route=%2Fwp%2Fv2%2Fmedia&parent=24035"}],"wp:term":[{"taxonomy":"category","embeddable":true,"href":"https:\/\/revistaalcaldesas.mx\/index.php?rest_route=%2Fwp%2Fv2%2Fcategories&post=24035"},{"taxonomy":"post_tag","embeddable":true,"href":"https:\/\/revistaalcaldesas.mx\/index.php?rest_route=%2Fwp%2Fv2%2Ftags&post=24035"}],"curies":[{"name":"wp","href":"https:\/\/api.w.org\/{rel}","templated":true}]}}