{"id":24040,"date":"2026-03-19T21:35:46","date_gmt":"2026-03-20T03:35:46","guid":{"rendered":"https:\/\/revistaalcaldesas.mx\/?p=24040"},"modified":"2026-03-24T12:42:03","modified_gmt":"2026-03-24T18:42:03","slug":"claudia-sheinbaum-inaugura-el-tramo-final-del-viaducto-de-tijuana-y-reafirma-el-compromiso-con-la-infraestructura-del-norte-claudiashein-gobiernomx","status":"publish","type":"post","link":"https:\/\/revistaalcaldesas.mx\/?p=24040","title":{"rendered":"Claudia Sheinbaum inaugura el tramo final del Viaducto de Tijuana y reafirma el compromiso con la infraestructura del norte \/ @Claudiashein @GobiernoMX >>>"},"content":{"rendered":"\n<p><strong>#MovilidadM\u00e9xico<\/strong> &#8211; <strong>#ViaductoTijuana<\/strong> &#8212;&#8211;&nbsp;<strong>#GobiernoFederal<\/strong>,&nbsp;<strong>#M\u00e9xico<\/strong>.-&nbsp;En un enlace hist\u00f3rico desde Palacio Nacional, la Presidenta<strong> #ClaudiaSheinbaumPardo<\/strong> consolid\u00f3 un hito para la infraestructura fronteriza al inaugurar el segundo tramo del <strong>#ViaductoElevadoDeTijuana<\/strong>. Esta monumental obra de <strong>11.4 kil\u00f3metros<\/strong> redefine la conectividad urbana, logrando una reducci\u00f3n dr\u00e1stica en los tiempos de traslado, que pasan de <strong>34 a solo 12 minutos<\/strong> entre el aeropuerto y la zona de playas. El proyecto no solo simboliza un avance t\u00e9cnico sin precedentes, sino que representa el compromiso de las \u00ab<strong>#Ma\u00f1anerasDelPueblo<\/strong>\u00bb con la modernizaci\u00f3n del norte del pa\u00eds. <strong>#InfraestructuraM\u00e9xico #TijuanaAvanza<\/strong><\/p>\n\n\n\n<p>La ejecuci\u00f3n de este corredor metropolitano demand\u00f3 una inversi\u00f3n estrat\u00e9gica de <strong>14 mil millones de pesos<\/strong>, convirti\u00e9ndose en un motor econ\u00f3mico que gener\u00f3 m\u00e1s de <strong>6 mil empleos<\/strong>. Bajo la supervisi\u00f3n del <strong>General Jos\u00e9 Inocencio Edelmiro Manzano Brise\u00f1o<\/strong>, el <strong>Agrupamiento de Ingenieros Militares<\/strong> super\u00f3 desaf\u00edos geol\u00f3gicos mediante el uso de <strong>\u00ablos m\u00e9todos de construcci\u00f3n m\u00e1s avanzados\u00bb<\/strong>. Esta sinergia institucional garantiza que la estructura soporte las exigencias del tr\u00e1fico pesado y din\u00e1mico de la regi\u00f3n.<\/p>\n\n\n\n<p>Por su parte, la <strong>Gobernadora Marina del Pilar \u00c1vila<\/strong> calific\u00f3 la entrega como <strong>\u00abel momento m\u00e1s importante para la movilidad del estado\u00bb<\/strong> en las \u00faltimas d\u00e9cadas. La obra se divide en dos fases cr\u00edticas: un primer segmento de <strong>7.2 kil\u00f3metros<\/strong> que integra un innovador t\u00fanel vehicular, y la reci\u00e9n concluida etapa de <strong>4.2 kil\u00f3metros<\/strong>. Dicha extensi\u00f3n conecta de forma directa el centro de la ciudad con la terminal a\u00e9rea, optimizando el flujo de miles de usuarios diarios.<\/p>\n\n\n\n<p>Con la puesta en marcha total del viaducto, el Gobierno Federal asegura que <strong>\u00abel d\u00eda de hoy ya puede circularse\u00bb<\/strong> de manera libre y segura por este segundo piso. Esta infraestructura de clase mundial posiciona a <strong>Baja California<\/strong> a la vanguardia del desarrollo urbano nacional. Finalmente, la integraci\u00f3n de t\u00e9cnicas modernas de ingenier\u00eda civil asegura la durabilidad y eficiencia de esta arteria vital para el comercio y turismo.<\/p>\n\n\n\n<p><strong>RevistaAlcaldesasMX \u2013<\/strong>\u00a0<a href=\"https:\/\/www.facebook.com\/ReAlcaldesasMX\/?__cft__%5b0%5d=AZWCUCopFg6uwR0bar1lA5XOJDPQGbidw7wMESZ9jhjdgQV18UtYzQs5AhW_9gKv6fQhGkof0nlpv0MZSyvZzAtfVQ-kGlKeGnKn1eftLPF_WZz9fv1hNrBXsDhp_akqGslhCB-zuNpCEIlXRqVKVrqMHVfqLWGFKazjuYuOAozwrbcMy0TfH-lcgDWV1GCIoPkxNjje6YZc-2SSWfdVSK2r&amp;__tn__=-UC%2CP-R\"><strong>Revista Alcaldesas MX<\/strong><\/a><\/p>\n\n\n<div class=\"wp-block-image\">\n<figure class=\"aligncenter size-full\"><img loading=\"lazy\" decoding=\"async\" width=\"650\" height=\"400\" src=\"https:\/\/revistaalcaldesas.mx\/wp-content\/uploads\/2026\/03\/cla0.jpg\" alt=\"\" class=\"wp-image-24041\" srcset=\"https:\/\/revistaalcaldesas.mx\/wp-content\/uploads\/2026\/03\/cla0.jpg 650w, https:\/\/revistaalcaldesas.mx\/wp-content\/uploads\/2026\/03\/cla0-465x286.jpg 465w, https:\/\/revistaalcaldesas.mx\/wp-content\/uploads\/2026\/03\/cla0-300x185.jpg 300w\" sizes=\"auto, (max-width: 650px) 100vw, 650px\" \/><figcaption class=\"wp-element-caption\">Cuauht\u00e9moc, Ciudad de M\u00e9xico. 16 de marzo 2026. La presidenta constitucional de los Estados Unidos Mexicanos, la Doctora Claudia Sheinbaum Pardo en conferencia de prensa matutina en el sal\u00f3n de la Tesorer\u00eda de Palacio Nacional. La acompa\u00f1an: Ariadna Montiel, secretaria de Bienestar; Julio C\u00e9sar Le\u00f3n Trujillo, coordinador nacional de becas para el Bienestar; Iv\u00e1n Escalante, Procurador Federal del Consumidor (Profeco) y Diana Aurora Correa, subdirectora de Dise\u00f1o Digital y Medios Sociales en la Unidad de Memoria.   Foto: Gabriel Monroy\/Presidencia<\/figcaption><\/figure>\n<\/div>","protected":false},"excerpt":{"rendered":"<p>#MovilidadM\u00e9xico &#8211; #ViaductoTijuana &#8212;&#8211;&nbsp;#GobiernoFederal,&nbsp;#M\u00e9xico.-&nbsp;En un enlace hist\u00f3rico desde Palacio Nacional, la Presidenta #ClaudiaSheinbaumPardo consolid\u00f3 un hito para la infraestructura fronteriza al inaugurar el segundo tramo del #ViaductoElevadoDeTijuana. Esta monumental obra de 11.4 kil\u00f3metros redefine la conectividad urbana, logrando una reducci\u00f3n dr\u00e1stica en los tiempos de traslado, que pasan de 34<span class=\"more-link\"><a href=\"https:\/\/revistaalcaldesas.mx\/?p=24040\">Continuar leyendo<\/a><\/span><\/p>\n","protected":false},"author":1,"featured_media":24041,"comment_status":"open","ping_status":"open","sticky":false,"template":"","format":"standard","meta":{"rop_custom_images_group":[],"rop_custom_messages_group":[],"rop_publish_now":"no","rop_publish_now_accounts":{"facebook_540786660636400_100634987996574":""},"rop_publish_now_history":[{"account":"facebook_540786660636400_100634987996574","service":"facebook","timestamp":1773687304,"status":"success"}],"rop_publish_now_status":"done","footnotes":""},"categories":[35,30],"tags":[1199,87,1161,198,724,1192,147,111,153,839,1198,190,1193,105,1194,1195,1044,723],"class_list":["entry","author-miangelzorro","post-24040","post","type-post","status-publish","format-standard","has-post-thumbnail","category-politicas","category-ultimas-noticias","tag-amlo-2","tag-amlo","tag-claudia-sheinbaum-pardo","tag-delfina-gomez-alvarez","tag-en-vivo","tag-enterate-2","tag-gobierno-de-mexico","tag-gobierno-del-estado-de-mexico","tag-luisa-maria-alcalde-lujan","tag-noticias-estado-de-mexico","tag-secretara-de-salud","tag-secretaria-de-bienestar","tag-secretaria-de-comunicaciones-y-transportes","tag-secretaria-de-cultura","tag-secretaria-de-educacion","tag-secretaria-de-la-mujer","tag-ultimahora","tag-ultimas-noticias"],"_links":{"self":[{"href":"https:\/\/revistaalcaldesas.mx\/index.php?rest_route=\/wp\/v2\/posts\/24040","targetHints":{"allow":["GET"]}}],"collection":[{"href":"https:\/\/revistaalcaldesas.mx\/index.php?rest_route=\/wp\/v2\/posts"}],"about":[{"href":"https:\/\/revistaalcaldesas.mx\/index.php?rest_route=\/wp\/v2\/types\/post"}],"author":[{"embeddable":true,"href":"https:\/\/revistaalcaldesas.mx\/index.php?rest_route=\/wp\/v2\/users\/1"}],"replies":[{"embeddable":true,"href":"https:\/\/revistaalcaldesas.mx\/index.php?rest_route=%2Fwp%2Fv2%2Fcomments&post=24040"}],"version-history":[{"count":1,"href":"https:\/\/revistaalcaldesas.mx\/index.php?rest_route=\/wp\/v2\/posts\/24040\/revisions"}],"predecessor-version":[{"id":24042,"href":"https:\/\/revistaalcaldesas.mx\/index.php?rest_route=\/wp\/v2\/posts\/24040\/revisions\/24042"}],"wp:featuredmedia":[{"embeddable":true,"href":"https:\/\/revistaalcaldesas.mx\/index.php?rest_route=\/wp\/v2\/media\/24041"}],"wp:attachment":[{"href":"https:\/\/revistaalcaldesas.mx\/index.php?rest_route=%2Fwp%2Fv2%2Fmedia&parent=24040"}],"wp:term":[{"taxonomy":"category","embeddable":true,"href":"https:\/\/revistaalcaldesas.mx\/index.php?rest_route=%2Fwp%2Fv2%2Fcategories&post=24040"},{"taxonomy":"post_tag","embeddable":true,"href":"https:\/\/revistaalcaldesas.mx\/index.php?rest_route=%2Fwp%2Fv2%2Ftags&post=24040"}],"curies":[{"name":"wp","href":"https:\/\/api.w.org\/{rel}","templated":true}]}}