{"id":24264,"date":"2026-04-24T17:19:14","date_gmt":"2026-04-24T23:19:14","guid":{"rendered":"https:\/\/revistaalcaldesas.mx\/?p=24264"},"modified":"2026-04-24T17:19:14","modified_gmt":"2026-04-24T23:19:14","slug":"en-el-edomex-mas-de-mil-trabajadores-y-maquinaria-especializada-se-despliegan-en-ecatepec-para-enfrentar-la-temporada-de-lluvias-azucenacisneros-ecatepec-azucenacisneros-ecatepec","status":"publish","type":"post","link":"https:\/\/revistaalcaldesas.mx\/?p=24264","title":{"rendered":"En el Edomex, m\u00e1s de mil trabajadores y maquinaria especializada se despliegan en Ecatepec para enfrentar la temporada de lluvias \/ @azucenacisneros @Ecatepec\/ @azucenacisneros @Ecatepec"},"content":{"rendered":"\n<p>(<strong>#OperativoTormenta<\/strong> &#8211; <strong>#EcatepecSeguro<\/strong>) &#8212;&#8211; <strong>#EcatepecDeMorelo<\/strong>s,\u00a0<strong>#EstadoDeM\u00e9xico<\/strong>.- Con la puesta en marcha del <strong>#OperativoTormenta2026<\/strong>, la alcaldesa <strong>#AzucenaCisnerosCoss<\/strong> despleg\u00f3 un ej\u00e9rcito de m\u00e1s de mil 300 trabajadores, 130 unidades y maquinaria especializada para enfrentar la pr\u00f3xima temporada de lluvias en <strong>#Ecatepec<\/strong>.<strong> \u201cAqu\u00ed estamos un equipo representativo de lo que tenemos en las calles para la seguridad de los habitantes\u201d,<\/strong> expres\u00f3 la presidenta municipal, al destacar la incorporaci\u00f3n de 20 <em>vactors<\/em> y cuadrillas distribuidas en todo el municipio. Este esfuerzo coordinado refleja la visi\u00f3n de un gobierno que privilegia la prevenci\u00f3n y la acci\u00f3n inmediata, con el respaldo de diversas dependencias municipales y federales.<\/p>\n\n\n\n<p>El operativo contempla la operaci\u00f3n de 18 c\u00e1rcamos, retroexcavadoras, camiones de volteo y cuadrillas de limpieza, adem\u00e1s de la participaci\u00f3n de elementos de la Marina y la Direcci\u00f3n de Seguridad Ciudadana. Con estas acciones, se busca mitigar riesgos de inundaci\u00f3n y garantizar la protecci\u00f3n de transe\u00fantes, pasajeros y conductores en zonas vulnerables.<\/p>\n\n\n\n<p>En conclusi\u00f3n, la estrategia preventiva se suma a campa\u00f1as nacionales que promueven la limpieza de barrancas y colectores, as\u00ed como la reducci\u00f3n de desechos en v\u00eda p\u00fablica. De manera adicional, se ha difundido informaci\u00f3n reciente sobre el incremento de lluvias at\u00edpicas en el Valle de M\u00e9xico, lo que refuerza la necesidad de operativos integrales y coordinados para salvaguardar a la poblaci\u00f3n.<\/p>\n\n\n\n<p>El Gobierno Municipal de Ecatepec reafirma que la prevenci\u00f3n es la mejor herramienta frente a los desaf\u00edos clim\u00e1ticos, consolidando un modelo de acci\u00f3n que dignifica la protecci\u00f3n ciudadana y fortalece la confianza de los habitantes en sus instituciones.<\/p>\n\n\n\n<p><strong>#RevistaAlcaldesasMX \u2013<\/strong>\u00a0<a href=\"https:\/\/www.facebook.com\/ReAlcaldesasMX\/?__cft__%5b0%5d=AZWCUCopFg6uwR0bar1lA5XOJDPQGbidw7wMESZ9jhjdgQV18UtYzQs5AhW_9gKv6fQhGkof0nlpv0MZSyvZzAtfVQ-kGlKeGnKn1eftLPF_WZz9fv1hNrBXsDhp_akqGslhCB-zuNpCEIlXRqVKVrqMHVfqLWGFKazjuYuOAozwrbcMy0TfH-lcgDWV1GCIoPkxNjje6YZc-2SSWfdVSK2r&amp;__tn__=-UC%2CP-R\"><strong>Revista Alcaldesas MX<\/strong><\/a><\/p>\n\n\n<div class=\"wp-block-image\">\n<figure class=\"aligncenter size-large\"><img loading=\"lazy\" decoding=\"async\" width=\"1024\" height=\"766\" src=\"https:\/\/revistaalcaldesas.mx\/wp-content\/uploads\/2026\/04\/azu-3-1024x766.jpg\" alt=\"\" class=\"wp-image-24265\"\/><\/figure>\n<\/div>","protected":false},"excerpt":{"rendered":"<p>(#OperativoTormenta &#8211; #EcatepecSeguro) &#8212;&#8211; #EcatepecDeMorelos,\u00a0#EstadoDeM\u00e9xico.- Con la puesta en marcha del #OperativoTormenta2026, la alcaldesa #AzucenaCisnerosCoss despleg\u00f3 un ej\u00e9rcito de m\u00e1s de mil 300 trabajadores, 130 unidades y maquinaria especializada para enfrentar la pr\u00f3xima temporada de lluvias en #Ecatepec. \u201cAqu\u00ed estamos un equipo representativo de lo que tenemos en las calles<span class=\"more-link\"><a href=\"https:\/\/revistaalcaldesas.mx\/?p=24264\">Continuar leyendo<\/a><\/span><\/p>\n","protected":false},"author":6,"featured_media":24265,"comment_status":"open","ping_status":"open","sticky":false,"template":"","format":"standard","meta":{"rop_custom_images_group":[],"rop_custom_messages_group":[],"rop_publish_now":"no","rop_publish_now_accounts":{"facebook_540786660636400_100634987996574":""},"rop_publish_now_history":[{"account":"facebook_540786660636400_100634987996574","service":"facebook","timestamp":1777072770,"status":"success"}],"rop_publish_now_status":"done","footnotes":""},"categories":[33],"tags":[87,1156,1246,1161,198,812,724,1192,1247,147,111,1249,1248,839,1044,723],"class_list":["entry","author-difusion","post-24264","post","type-post","status-publish","format-standard","has-post-thumbnail","category-legisladoras","tag-amlo","tag-andres-manuel-lopez-beltran","tag-azucena-cisneros-coss","tag-claudia-sheinbaum-pardo","tag-delfina-gomez-alvarez","tag-dif-ecatepec","tag-en-vivo","tag-enterate-2","tag-gobierno-de-ecatepec-de-morelos","tag-gobierno-de-mexico","tag-gobierno-del-estado-de-mexico","tag-morena-ecatepec","tag-noticias-ecatepec","tag-noticias-estado-de-mexico","tag-ultimahora","tag-ultimas-noticias"],"_links":{"self":[{"href":"https:\/\/revistaalcaldesas.mx\/index.php?rest_route=\/wp\/v2\/posts\/24264","targetHints":{"allow":["GET"]}}],"collection":[{"href":"https:\/\/revistaalcaldesas.mx\/index.php?rest_route=\/wp\/v2\/posts"}],"about":[{"href":"https:\/\/revistaalcaldesas.mx\/index.php?rest_route=\/wp\/v2\/types\/post"}],"author":[{"embeddable":true,"href":"https:\/\/revistaalcaldesas.mx\/index.php?rest_route=\/wp\/v2\/users\/6"}],"replies":[{"embeddable":true,"href":"https:\/\/revistaalcaldesas.mx\/index.php?rest_route=%2Fwp%2Fv2%2Fcomments&post=24264"}],"version-history":[{"count":1,"href":"https:\/\/revistaalcaldesas.mx\/index.php?rest_route=\/wp\/v2\/posts\/24264\/revisions"}],"predecessor-version":[{"id":24266,"href":"https:\/\/revistaalcaldesas.mx\/index.php?rest_route=\/wp\/v2\/posts\/24264\/revisions\/24266"}],"wp:featuredmedia":[{"embeddable":true,"href":"https:\/\/revistaalcaldesas.mx\/index.php?rest_route=\/wp\/v2\/media\/24265"}],"wp:attachment":[{"href":"https:\/\/revistaalcaldesas.mx\/index.php?rest_route=%2Fwp%2Fv2%2Fmedia&parent=24264"}],"wp:term":[{"taxonomy":"category","embeddable":true,"href":"https:\/\/revistaalcaldesas.mx\/index.php?rest_route=%2Fwp%2Fv2%2Fcategories&post=24264"},{"taxonomy":"post_tag","embeddable":true,"href":"https:\/\/revistaalcaldesas.mx\/index.php?rest_route=%2Fwp%2Fv2%2Ftags&post=24264"}],"curies":[{"name":"wp","href":"https:\/\/api.w.org\/{rel}","templated":true}]}}