{"id":24838,"date":"2026-08-31T21:22:41","date_gmt":"2026-09-01T03:22:41","guid":{"rendered":"https:\/\/revistaalcaldesas.mx\/?p=24838"},"modified":"2026-08-31T21:22:41","modified_gmt":"2026-09-01T03:22:41","slug":"con-91-millones-de-pesos-construye-issste-primer-cessa-en-rincon-de-romos-aguascalientes-marti-batres-issste_mx","status":"publish","type":"post","link":"https:\/\/revistaalcaldesas.mx\/?p=24838","title":{"rendered":"Con 91 millones de pesos, construye ISSSTE primer CESSA en Rinc\u00f3n de Romos, Aguascalientes: Mart\u00ed Batres \/ @ISSSTE_mx >>>"},"content":{"rendered":"\n<p class=\"wp-block-paragraph\"><strong>(#CESSA &#8211; #CentroDeSalud ) *** #ISSSTE.-<\/strong> El director general del Instituto de Seguridad y <strong>#ServiciosSociales <\/strong>de los Trabajadores del Estado (ISSSTE), <strong>#Mart\u00edBatresGuadarrama<\/strong>, supervis\u00f3 los trabajos de construcci\u00f3n del nuevo Centro de Salud con Servicios Ampliados (CESSA) de Rinc\u00f3n de Romos, en <strong>#Aguascalientes<\/strong>, que permitir\u00e1 ampliar la capacidad de atenci\u00f3n m\u00e9dica en beneficio de 54 mil derechohabientes, con una inversi\u00f3n de 91 millones de pesos (mdp).<\/p>\n\n\n\n<p class=\"wp-block-paragraph\">\u201c\u00a1No paramos! Las obras siguen y ahora estamos en Rinc\u00f3n de Romos Aguascalientes. Aqu\u00ed se est\u00e1 construyendo lo que podr\u00eda llegar a ser el primer centro de salud con servicios ampliados del ISSSTE. (\u2026) Va a ser una obra magn\u00edfica porque combina primer nivel con algunos aspectos de segundo nivel. Es un h\u00edbrido, es una mezcla, pero nos permite una mejor atenci\u00f3n en la parte norte del estado de Aguascalientes\u201d, destac\u00f3 en un video publicado en sus redes sociales.<\/p>\n\n\n\n<p class=\"wp-block-paragraph\">Mart\u00ed Batres detall\u00f3 que la obra, que registra un avance f\u00edsico del 27 por ciento, se desarrolla en una superficie de 2 mil 402 metros cuadrados, donde se adecuar\u00e1 un \u00e1rea de consulta externa con consultorios de medicina familiar y de especialidades, as\u00ed como una sala de procedimientos con l\u00e1mparas quir\u00fargicas y una zona de recuperaci\u00f3n con monitores de signos vitales.<\/p>\n\n\n<div class=\"wp-block-image\">\n<figure class=\"aligncenter size-medium\"><img loading=\"lazy\" decoding=\"async\" width=\"300\" height=\"200\" src=\"https:\/\/revistaalcaldesas.mx\/wp-content\/uploads\/2026\/08\/image-28-300x200.png\" alt=\"\" class=\"wp-image-24839\" srcset=\"https:\/\/revistaalcaldesas.mx\/wp-content\/uploads\/2026\/08\/image-28-300x200.png 300w, https:\/\/revistaalcaldesas.mx\/wp-content\/uploads\/2026\/08\/image-28-768x512.png 768w, https:\/\/revistaalcaldesas.mx\/wp-content\/uploads\/2026\/08\/image-28-1024x682.png 1024w, https:\/\/revistaalcaldesas.mx\/wp-content\/uploads\/2026\/08\/image-28-1536x1023.png 1536w, https:\/\/revistaalcaldesas.mx\/wp-content\/uploads\/2026\/08\/image-28-465x310.png 465w, https:\/\/revistaalcaldesas.mx\/wp-content\/uploads\/2026\/08\/image-28-695x463.png 695w, https:\/\/revistaalcaldesas.mx\/wp-content\/uploads\/2026\/08\/image-28-600x400.png 600w, https:\/\/revistaalcaldesas.mx\/wp-content\/uploads\/2026\/08\/image-28.png 1600w\" sizes=\"auto, (max-width: 300px) 100vw, 300px\" \/><\/figure>\n<\/div>\n\n\n<p class=\"wp-block-paragraph\">\u201cVa a tener seis camas de hospitalizaci\u00f3n de corta estancia, un m\u00f3dulo resolutivo, que es as\u00ed como una peque\u00f1a sala de urgencias, y tambi\u00e9n va a tener una sala de procedimientos que es como un peque\u00f1o quir\u00f3fano\u201d, subray\u00f3.<\/p>\n\n\n\n<p class=\"wp-block-paragraph\">El nuevo CESSA, adem\u00e1s, tendr\u00e1 una sala de curaciones y yeso, farmacia, laboratorio, \u00e1rea de toma de muestras, almac\u00e9n general y Central de Equipos y Esterilizaci\u00f3n (CEyE), as\u00ed como una sala de radiolog\u00eda para brindar servicios auxiliares de diagn\u00f3stico con equipo de rayos X, ultrasonido y mast\u00f3grafo port\u00e1til.\u201cVa a tener seis camas de hospitalizaci\u00f3n de corta estancia, un m\u00f3dulo resolutivo, que es as\u00ed como una peque\u00f1a sala de urgencias, y tambi\u00e9n va a tener una sala de procedimientos que es como un peque\u00f1o quir\u00f3fano\u201d, subray\u00f3.<\/p>\n\n\n\n<p class=\"wp-block-paragraph\"><strong>#RevistaAlcaldesasMX \u2013<\/strong>&nbsp;<a href=\"https:\/\/www.facebook.com\/ReAlcaldesasMX\/?__cft__%5b0%5d=AZWCUCopFg6uwR0bar1lA5XOJDPQGbidw7wMESZ9jhjdgQV18UtYzQs5AhW_9gKv6fQhGkof0nlpv0MZSyvZzAtfVQ-kGlKeGnKn1eftLPF_WZz9fv1hNrBXsDhp_akqGslhCB-zuNpCEIlXRqVKVrqMHVfqLWGFKazjuYuOAozwrbcMy0TfH-lcgDWV1GCIoPkxNjje6YZc-2SSWfdVSK2r&amp;__tn__=-UC%2CP-R\"><strong>Revista Alcaldesas MX<\/strong><\/a><\/p>\n\n\n<div class=\"wp-block-image\">\n<figure class=\"aligncenter size-full\"><img loading=\"lazy\" decoding=\"async\" width=\"650\" height=\"380\" src=\"https:\/\/revistaalcaldesas.mx\/wp-content\/uploads\/2026\/08\/isssste-31.jpeg\" alt=\"\" class=\"wp-image-24840\" srcset=\"https:\/\/revistaalcaldesas.mx\/wp-content\/uploads\/2026\/08\/isssste-31.jpeg 650w, https:\/\/revistaalcaldesas.mx\/wp-content\/uploads\/2026\/08\/isssste-31-465x272.jpeg 465w, https:\/\/revistaalcaldesas.mx\/wp-content\/uploads\/2026\/08\/isssste-31-300x175.jpeg 300w\" sizes=\"auto, (max-width: 650px) 100vw, 650px\" \/><\/figure>\n<\/div>","protected":false},"excerpt":{"rendered":"<p>(#CESSA &#8211; #CentroDeSalud ) *** #ISSSTE.- El director general del Instituto de Seguridad y #ServiciosSociales de los Trabajadores del Estado (ISSSTE), #Mart\u00edBatresGuadarrama, supervis\u00f3 los trabajos de construcci\u00f3n del nuevo Centro de Salud con Servicios Ampliados (CESSA) de Rinc\u00f3n de Romos, en #Aguascalientes, que permitir\u00e1 ampliar la capacidad de atenci\u00f3n m\u00e9dica<span class=\"more-link\"><a href=\"https:\/\/revistaalcaldesas.mx\/?p=24838\">Continuar leyendo<\/a><\/span><\/p>\n","protected":false},"author":6,"featured_media":24840,"comment_status":"open","ping_status":"open","sticky":false,"template":"","format":"standard","meta":{"rop_custom_images_group":[],"rop_custom_messages_group":[],"rop_publish_now":"no","rop_publish_now_accounts":{"facebook_540786660636400_100634987996574":""},"rop_publish_now_history":[{"account":"facebook_540786660636400_100634987996574","service":"facebook","timestamp":1788232982,"status":"success"}],"rop_publish_now_status":"done","footnotes":""},"categories":[32],"tags":[724,725,147,1070,855,105,95,73,726,723],"class_list":["entry","author-difusion","post-24838","post","type-post","status-publish","format-standard","has-post-thumbnail","category-secretarias-de-gobierno","tag-en-vivo","tag-enterate","tag-gobierno-de-mexico","tag-issste","tag-revista-alcaldesas-mx-2","tag-secretaria-de-cultura","tag-secretaria-de-economia","tag-tecamac","tag-ultima-hora","tag-ultimas-noticias"],"_links":{"self":[{"href":"https:\/\/revistaalcaldesas.mx\/index.php?rest_route=\/wp\/v2\/posts\/24838","targetHints":{"allow":["GET"]}}],"collection":[{"href":"https:\/\/revistaalcaldesas.mx\/index.php?rest_route=\/wp\/v2\/posts"}],"about":[{"href":"https:\/\/revistaalcaldesas.mx\/index.php?rest_route=\/wp\/v2\/types\/post"}],"author":[{"embeddable":true,"href":"https:\/\/revistaalcaldesas.mx\/index.php?rest_route=\/wp\/v2\/users\/6"}],"replies":[{"embeddable":true,"href":"https:\/\/revistaalcaldesas.mx\/index.php?rest_route=%2Fwp%2Fv2%2Fcomments&post=24838"}],"version-history":[{"count":1,"href":"https:\/\/revistaalcaldesas.mx\/index.php?rest_route=\/wp\/v2\/posts\/24838\/revisions"}],"predecessor-version":[{"id":24841,"href":"https:\/\/revistaalcaldesas.mx\/index.php?rest_route=\/wp\/v2\/posts\/24838\/revisions\/24841"}],"wp:featuredmedia":[{"embeddable":true,"href":"https:\/\/revistaalcaldesas.mx\/index.php?rest_route=\/wp\/v2\/media\/24840"}],"wp:attachment":[{"href":"https:\/\/revistaalcaldesas.mx\/index.php?rest_route=%2Fwp%2Fv2%2Fmedia&parent=24838"}],"wp:term":[{"taxonomy":"category","embeddable":true,"href":"https:\/\/revistaalcaldesas.mx\/index.php?rest_route=%2Fwp%2Fv2%2Fcategories&post=24838"},{"taxonomy":"post_tag","embeddable":true,"href":"https:\/\/revistaalcaldesas.mx\/index.php?rest_route=%2Fwp%2Fv2%2Ftags&post=24838"}],"curies":[{"name":"wp","href":"https:\/\/api.w.org\/{rel}","templated":true}]}}