{"id":24842,"date":"2026-09-01T20:55:38","date_gmt":"2026-09-02T02:55:38","guid":{"rendered":"https:\/\/revistaalcaldesas.mx\/?p=24842"},"modified":"2026-09-01T20:55:38","modified_gmt":"2026-09-02T02:55:38","slug":"operativos-coordinados-refuerzan-la-seguridad-en-leon-guanajuato-alegutierrez_mx-municipio_leon","status":"publish","type":"post","link":"https:\/\/revistaalcaldesas.mx\/?p=24842","title":{"rendered":"Operativos coordinados refuerzan la seguridad en Le\u00f3n, Guanajuato \/ @AleGutierrez_mx @municipio_leon >>>"},"content":{"rendered":"\n<p class=\"wp-block-paragraph\">(<strong>#SeguridadLe\u00f3n<\/strong> &#8211; <strong>#Le\u00f3nSeguro<\/strong>) *** <strong>#Le\u00f3n, #Guanajuato.-<\/strong> #<strong>AlejandraGuti\u00e9rrez<\/strong>, reafirm\u00f3 hoy el compromiso municipal con la seguridad p\u00fablica y la coordinaci\u00f3n interinstitucional. La alcaldesa destac\u00f3 la prioridad de la prevenci\u00f3n y la presencia policial en las calles como ejes de su gesti\u00f3n. Anunci\u00f3 la continuidad de<strong> #Operativos<\/strong> focalizados para proteger a la ciudadan\u00eda y reducir la incidencia delictiva. Subray\u00f3 que la estrategia combina inteligencia, <strong>#Patrullaje<\/strong> y colaboraci\u00f3n con autoridades estatales y federales.<\/p>\n\n\n\n<p class=\"wp-block-paragraph\">Las acciones operativas desplegadas entre el 23 y el 29 de agosto arrojaron resultados relevantes para la seguridad local. Los dispositivos incluyeron revisiones en puntos estrat\u00e9gicos, controles viales y patrullajes de proximidad. La Polic\u00eda Municipal reforz\u00f3 la vigilancia con el objetivo de desarticular redes y proteger el espacio p\u00fablico.<\/p>\n\n\n<div class=\"wp-block-image\">\n<figure class=\"aligncenter size-medium\"><img loading=\"lazy\" decoding=\"async\" width=\"300\" height=\"195\" src=\"https:\/\/revistaalcaldesas.mx\/wp-content\/uploads\/2026\/09\/image-300x195.png\" alt=\"\" class=\"wp-image-24843\" srcset=\"https:\/\/revistaalcaldesas.mx\/wp-content\/uploads\/2026\/09\/image-300x195.png 300w, https:\/\/revistaalcaldesas.mx\/wp-content\/uploads\/2026\/09\/image-768x499.png 768w, https:\/\/revistaalcaldesas.mx\/wp-content\/uploads\/2026\/09\/image-1024x665.png 1024w, https:\/\/revistaalcaldesas.mx\/wp-content\/uploads\/2026\/09\/image-460x300.png 460w, https:\/\/revistaalcaldesas.mx\/wp-content\/uploads\/2026\/09\/image-465x302.png 465w, https:\/\/revistaalcaldesas.mx\/wp-content\/uploads\/2026\/09\/image-1536x998.png 1536w, https:\/\/revistaalcaldesas.mx\/wp-content\/uploads\/2026\/09\/image-695x452.png 695w, https:\/\/revistaalcaldesas.mx\/wp-content\/uploads\/2026\/09\/image-600x390.png 600w, https:\/\/revistaalcaldesas.mx\/wp-content\/uploads\/2026\/09\/image.png 1653w\" sizes=\"auto, (max-width: 300px) 100vw, 300px\" \/><\/figure>\n<\/div>\n\n\n<p class=\"wp-block-paragraph\">Informes recientes de medios oficiales consignan que, como consecuencia de los operativos, fueron detenidas <strong>377<\/strong> personas por delitos, <strong>1,568<\/strong> por faltas administrativas y <strong>128<\/strong> por conducir en estado de ebriedad, cifras que reflejan la intensidad de las intervenciones supervisadas por <strong>Alejandra Guti\u00e9rrez<\/strong>. Las mismas fuentes se\u00f1alan que las autoridades mantendr\u00e1n patrullajes y operativos de inteligencia en distintos sectores de la ciudad. Se prev\u00e9n evaluaciones peri\u00f3dicas para medir el impacto y ajustar las t\u00e1cticas conforme a los resultados. La continuidad de las medidas se presenta como respuesta a la demanda ciudadana de mayor protecci\u00f3n. <\/p>\n\n\n\n<p class=\"wp-block-paragraph\">La administraci\u00f3n municipal asegur\u00f3 que los operativos proseguir\u00e1n con presencia sostenida en las calles y acciones preventivas complementarias. Se intensificar\u00e1 la colaboraci\u00f3n interinstitucional y la proximidad con la comunidad para consolidar la seguridad. El prop\u00f3sito declarado es restablecer la tranquilidad p\u00fablica y fortalecer la convivencia en todo Le\u00f3n.<\/p>\n\n\n\n<p class=\"wp-block-paragraph\"><strong>#RevistaAlcaldesasMX \u2013<\/strong>\u00a0<a href=\"https:\/\/www.facebook.com\/ReAlcaldesasMX\/?__cft__%5b0%5d=AZWCUCopFg6uwR0bar1lA5XOJDPQGbidw7wMESZ9jhjdgQV18UtYzQs5AhW_9gKv6fQhGkof0nlpv0MZSyvZzAtfVQ-kGlKeGnKn1eftLPF_WZz9fv1hNrBXsDhp_akqGslhCB-zuNpCEIlXRqVKVrqMHVfqLWGFKazjuYuOAozwrbcMy0TfH-lcgDWV1GCIoPkxNjje6YZc-2SSWfdVSK2r&amp;__tn__=-UC%2CP-R\"><strong>Revista Alcaldesas MX<\/strong><\/a><\/p>\n\n\n<div class=\"wp-block-image\">\n<figure class=\"aligncenter size-large\"><img loading=\"lazy\" decoding=\"async\" width=\"1024\" height=\"683\" src=\"https:\/\/revistaalcaldesas.mx\/wp-content\/uploads\/2026\/09\/leon-1-sep-1024x683.jpg\" alt=\"\" class=\"wp-image-24844\"\/><\/figure>\n<\/div>","protected":false},"excerpt":{"rendered":"<p>(#SeguridadLe\u00f3n &#8211; #Le\u00f3nSeguro) *** #Le\u00f3n, #Guanajuato.- #AlejandraGuti\u00e9rrez, reafirm\u00f3 hoy el compromiso municipal con la seguridad p\u00fablica y la coordinaci\u00f3n interinstitucional. La alcaldesa destac\u00f3 la prioridad de la prevenci\u00f3n y la presencia policial en las calles como ejes de su gesti\u00f3n. Anunci\u00f3 la continuidad de #Operativos focalizados para proteger a la<span class=\"more-link\"><a href=\"https:\/\/revistaalcaldesas.mx\/?p=24842\">Continuar leyendo<\/a><\/span><\/p>\n","protected":false},"author":6,"featured_media":24844,"comment_status":"open","ping_status":"open","sticky":false,"template":"","format":"standard","meta":{"rop_custom_images_group":[],"rop_custom_messages_group":[],"rop_publish_now":"no","rop_publish_now_accounts":{"facebook_540786660636400_100634987996574":""},"rop_publish_now_history":[{"account":"facebook_540786660636400_100634987996574","service":"facebook","timestamp":1788317761,"status":"success"}],"rop_publish_now_status":"done","footnotes":""},"categories":[28],"tags":[256,724,725,147,855,1198,190,1193,105,95,73,726,723],"class_list":["entry","author-difusion","post-24842","post","type-post","status-publish","format-standard","has-post-thumbnail","category-alcaldesa-sobresaliente","tag-consejo-ciudadano","tag-en-vivo","tag-enterate","tag-gobierno-de-mexico","tag-revista-alcaldesas-mx-2","tag-secretara-de-salud","tag-secretaria-de-bienestar","tag-secretaria-de-comunicaciones-y-transportes","tag-secretaria-de-cultura","tag-secretaria-de-economia","tag-tecamac","tag-ultima-hora","tag-ultimas-noticias"],"_links":{"self":[{"href":"https:\/\/revistaalcaldesas.mx\/index.php?rest_route=\/wp\/v2\/posts\/24842","targetHints":{"allow":["GET"]}}],"collection":[{"href":"https:\/\/revistaalcaldesas.mx\/index.php?rest_route=\/wp\/v2\/posts"}],"about":[{"href":"https:\/\/revistaalcaldesas.mx\/index.php?rest_route=\/wp\/v2\/types\/post"}],"author":[{"embeddable":true,"href":"https:\/\/revistaalcaldesas.mx\/index.php?rest_route=\/wp\/v2\/users\/6"}],"replies":[{"embeddable":true,"href":"https:\/\/revistaalcaldesas.mx\/index.php?rest_route=%2Fwp%2Fv2%2Fcomments&post=24842"}],"version-history":[{"count":1,"href":"https:\/\/revistaalcaldesas.mx\/index.php?rest_route=\/wp\/v2\/posts\/24842\/revisions"}],"predecessor-version":[{"id":24845,"href":"https:\/\/revistaalcaldesas.mx\/index.php?rest_route=\/wp\/v2\/posts\/24842\/revisions\/24845"}],"wp:featuredmedia":[{"embeddable":true,"href":"https:\/\/revistaalcaldesas.mx\/index.php?rest_route=\/wp\/v2\/media\/24844"}],"wp:attachment":[{"href":"https:\/\/revistaalcaldesas.mx\/index.php?rest_route=%2Fwp%2Fv2%2Fmedia&parent=24842"}],"wp:term":[{"taxonomy":"category","embeddable":true,"href":"https:\/\/revistaalcaldesas.mx\/index.php?rest_route=%2Fwp%2Fv2%2Fcategories&post=24842"},{"taxonomy":"post_tag","embeddable":true,"href":"https:\/\/revistaalcaldesas.mx\/index.php?rest_route=%2Fwp%2Fv2%2Ftags&post=24842"}],"curies":[{"name":"wp","href":"https:\/\/api.w.org\/{rel}","templated":true}]}}